{"id":823,"date":"2024-07-09T14:48:03","date_gmt":"2024-07-09T18:48:03","guid":{"rendered":"https:\/\/pamfmstereo.com\/?p=823"},"modified":"2024-07-09T17:58:40","modified_gmt":"2024-07-09T21:58:40","slug":"gladiator-ii-paul-mescal-dechaine-dans-une-suite-epique-aux-cotes-de-denzel-washington-et-pedro-pascal","status":"publish","type":"post","link":"https:\/\/pamfmstereo.com\/?p=823","title":{"rendered":"Gladiator II : Paul Mescal D\u00e9cha\u00een\u00e9 dans une Suite \u00c9pique aux C\u00f4t\u00e9s de Denzel Washington et Pedro Pascal"},"content":{"rendered":"\n<h3 class=\"wp-block-heading\">Paul Mescal Affronte Pedro Pascal, Denzel Washington et un Rhinoc\u00e9ros dans le Premier Trailer de Gladiator II<\/h3>\n\n\n\n<p>Le premier trailer de l&rsquo;un des films les plus attendus de l&rsquo;automne est enfin arriv\u00e9. \u00ab\u00a0Gladiator II\u00a0\u00bb, la suite du film \u00e9pique de Ridley Scott sorti en 2000 et couronn\u00e9 aux Oscars, sera en salles en novembre. La bande-annonce promotionnelle offre un premier aper\u00e7u de Paul Mescal, qui reprend le r\u00f4le embl\u00e9matique de Russell Crowe.<\/p>\n\n\n\n<p>Paul Mescal incarne Lucius, le fils de Lucilla (Connie Nielsen) et du d\u00e9funt Lucius Verus. Lucius se souvient avoir assist\u00e9 aux exploits h\u00e9ro\u00efques mais tragiques de Maximus (interpr\u00e9t\u00e9 par Crowe) dans le premier film. Inspir\u00e9 par le courage de Maximus, Lucius, d\u00e9sormais esclave, jure de vaincre les nouveaux empereurs arrogants Caracalla (Joseph Quinn) et Geta (Fred Hechinger).<\/p>\n\n\n\n<h3 class=\"wp-block-heading\">Des Alli\u00e9s et des Ennemis Redoutables<\/h3>\n\n\n\n<p>Sur son chemin se trouvent \u2013 ou peut-\u00eatre pour le soutenir un peu \u2013 Macrinus, interpr\u00e9t\u00e9 par Denzel Washington. Ce propri\u00e9taire d&rsquo;esclaves et courtier de pouvoir est d\u00e9crit par Scott comme \u00ab\u00a0vraiment cruel\u00a0\u00bb envers les combattants de l&rsquo;ar\u00e8ne. De plus, Pedro Pascal incarne Marcus Acacius, un g\u00e9n\u00e9ral romain. Pascal d\u00e9crit son personnage comme \u00ab\u00a0un tr\u00e8s, tr\u00e8s bon g\u00e9n\u00e9ral, ce qui peut signifier un tr\u00e8s bon tueur\u00a0\u00bb. Form\u00e9 sous Maximus, son ambition d&rsquo;envahir l&rsquo;Afrique du Nord le met directement en conflit avec Lucius, que Macrinus d\u00e9crit comme \u00e9tant rempli d&rsquo;une telle animosit\u00e9 que \u00ab\u00a0la rage est ton cadeau\u00a0\u00bb.<\/p>\n\n\n\n<p>Paul Mescal s&rsquo;est consid\u00e9rablement muscl\u00e9 pour le r\u00f4le, gagnant le surnom de \u00ab\u00a0Brick Wall Paul\u00a0\u00bb gr\u00e2ce \u00e0 Pascal. \u00ab\u00a0Il est devenu tellement fort,\u00a0\u00bb a d\u00e9clar\u00e9 Pascal \u00e0 propos de son co-star. \u00ab\u00a0Je pr\u00e9f\u00e9rerais \u00eatre jet\u00e9 d&rsquo;un b\u00e2timent plut\u00f4t que de devoir me battre \u00e0 nouveau contre lui.\u00a0\u00bb<\/p>\n\n\n\n<figure class=\"wp-block-embed is-type-video is-provider-youtube wp-block-embed-youtube wp-embed-aspect-16-9 wp-has-aspect-ratio\"><div class=\"wp-block-embed__wrapper\">\n<iframe loading=\"lazy\" title=\"GLADIATOR 2 Bande Annonce VF (2024)\" width=\"640\" height=\"360\" src=\"https:\/\/www.youtube.com\/embed\/zMIb0rQUoaM?feature=oembed\" frameborder=\"0\" allow=\"accelerometer; autoplay; clipboard-write; encrypted-media; gyroscope; picture-in-picture; web-share\" referrerpolicy=\"strict-origin-when-cross-origin\" allowfullscreen><\/iframe>\n<\/div><\/figure>\n\n\n\n<h3 class=\"wp-block-heading\">Une Production \u00c9pique<\/h3>\n\n\n\n<p>Le trailer d\u00e9voile \u00e9galement des aper\u00e7us de Tim McInnerny et de Derek Jacobi, qui reprend son r\u00f4le, ainsi que des sc\u00e8nes de combats \u00e0 l&rsquo;\u00e9p\u00e9e, des fl\u00e8ches, des navires, des foules, de l&rsquo;eau, des cris et un rhinoc\u00e9ros gigantesque ensanglant\u00e9 que Lucius doit affronter.<\/p>\n\n\n\n<p>La bande-annonce offre un avant-go\u00fbt de la bande sonore envo\u00fbtante, \u00e0 nouveau compos\u00e9e par Hans Zimmer, ainsi qu&rsquo;un extrait d&rsquo;une nouvelle version de \u00ab\u00a0No Church in the Wild\u00a0\u00bb de Kanye West et Jay-Z, avec les paroles appropri\u00e9es : \u00ab\u00a0Tears on the mausoleum floor \/ Blood stains the Colosseum doors.\u00a0\u00bb<\/p>\n\n\n\n<p>Le tournage a commenc\u00e9 en juin dernier mais a \u00e9t\u00e9 interrompu par la gr\u00e8ve des acteurs aux \u00c9tats-Unis, avant de reprendre en d\u00e9cembre et de se terminer en janvier, malgr\u00e9 quelques reshoots le mois dernier dans le Sussex. Le film sortira dans les cin\u00e9mas britanniques le 15 novembre et une semaine plus tard aux \u00c9tats-Unis, o\u00f9 il partagera sa date de sortie avec le film musical \u00ab\u00a0Wicked\u00a0\u00bb, qui a \u00e9t\u00e9 avanc\u00e9 d&rsquo;une semaine pour \u00e9viter la concurrence avec \u00ab\u00a0Moana 2\u00a0\u00bb.<\/p>\n","protected":false},"excerpt":{"rendered":"<p>Paul Mescal Affronte Pedro Pascal, Denzel Washington et un Rhinoc\u00e9ros dans le Premier Trailer de<\/p>\n","protected":false},"author":2,"featured_media":825,"comment_status":"open","ping_status":"open","sticky":false,"template":"","format":"standard","meta":{"advanced_seo_description":"La bande-annonce offre un avant-go\u00fbt de la bande sonore envo\u00fbtante, \u00e0 nouveau compos\u00e9e par Hans Zimmer","jetpack_seo_html_title":"Gladiator II : Paul Mescal D\u00e9cha\u00een\u00e9 dans une Suite \u00c9pique aux C\u00f4t\u00e9s de Denzel Washington et Pedro Pascal","jetpack_seo_noindex":false,"jetpack_post_was_ever_published":false,"_jetpack_newsletter_access":"","_jetpack_dont_email_post_to_subs":false,"_jetpack_newsletter_tier_id":0,"_jetpack_memberships_contains_paywalled_content":false,"_jetpack_memberships_contains_paid_content":false,"footnotes":"","jetpack_publicize_message":"","jetpack_publicize_feature_enabled":true,"jetpack_social_post_already_shared":false,"jetpack_social_options":{"image_generator_settings":{"template":"highway","enabled":false},"version":2}},"categories":[131,18,59,173,1],"tags":[1043,818,1050,1028,1021,99,1034,1046,1037,1036,1041,1038,1044,1040,1053,1035,1032,1042,1051,1031,1049,1045,1033,1030,1047,15,1029,1048,1039,1052,28],"class_list":["post-823","post","type-post","status-publish","format-standard","has-post-thumbnail","hentry","category-cinema","category-culture","category-divers","category-people-news","category-uncategorized","tag-action","tag-aventure","tag-bande-annonce","tag-caracalla","tag-cinema-2","tag-cinema","tag-cinemas","tag-denzel-washington","tag-derek-jacobi","tag-film-epique","tag-geta","tag-gladiator-ii","tag-greve-des-acteurs","tag-hans-zimmer","tag-hollywood","tag-jay-z","tag-kanye-west","tag-lucius","tag-macrinus","tag-marcus-acacius","tag-maximus","tag-no-church-in-the-wild","tag-novembre-2024","tag-paul-mescal","tag-pedro-pascal","tag-reseaux-sociaux","tag-ridley-scott","tag-sortie-cinema","tag-tim-mcinnerny","tag-tournage","tag-usa"],"jetpack_publicize_connections":[],"jetpack_featured_media_url":"https:\/\/i0.wp.com\/pamfmstereo.com\/wp-content\/uploads\/2024\/07\/glad.jpg?fit=1280%2C720&ssl=1","jetpack-related-posts":[],"jetpack_shortlink":"https:\/\/wp.me\/pdKP5f-dh","jetpack_sharing_enabled":true,"jetpack_likes_enabled":true,"_links":{"self":[{"href":"https:\/\/pamfmstereo.com\/index.php?rest_route=\/wp\/v2\/posts\/823","targetHints":{"allow":["GET"]}}],"collection":[{"href":"https:\/\/pamfmstereo.com\/index.php?rest_route=\/wp\/v2\/posts"}],"about":[{"href":"https:\/\/pamfmstereo.com\/index.php?rest_route=\/wp\/v2\/types\/post"}],"author":[{"embeddable":true,"href":"https:\/\/pamfmstereo.com\/index.php?rest_route=\/wp\/v2\/users\/2"}],"replies":[{"embeddable":true,"href":"https:\/\/pamfmstereo.com\/index.php?rest_route=%2Fwp%2Fv2%2Fcomments&post=823"}],"version-history":[{"count":3,"href":"https:\/\/pamfmstereo.com\/index.php?rest_route=\/wp\/v2\/posts\/823\/revisions"}],"predecessor-version":[{"id":835,"href":"https:\/\/pamfmstereo.com\/index.php?rest_route=\/wp\/v2\/posts\/823\/revisions\/835"}],"wp:featuredmedia":[{"embeddable":true,"href":"https:\/\/pamfmstereo.com\/index.php?rest_route=\/wp\/v2\/media\/825"}],"wp:attachment":[{"href":"https:\/\/pamfmstereo.com\/index.php?rest_route=%2Fwp%2Fv2%2Fmedia&parent=823"}],"wp:term":[{"taxonomy":"category","embeddable":true,"href":"https:\/\/pamfmstereo.com\/index.php?rest_route=%2Fwp%2Fv2%2Fcategories&post=823"},{"taxonomy":"post_tag","embeddable":true,"href":"https:\/\/pamfmstereo.com\/index.php?rest_route=%2Fwp%2Fv2%2Ftags&post=823"}],"curies":[{"name":"wp","href":"https:\/\/api.w.org\/{rel}","templated":true}]}}