{"id":737,"date":"2024-07-04T14:03:35","date_gmt":"2024-07-04T18:03:35","guid":{"rendered":"https:\/\/pamfmstereo.com\/?p=737"},"modified":"2024-07-04T14:03:38","modified_gmt":"2024-07-04T18:03:38","slug":"vikings-valhalla-saison-3-la-derniere-bataille-epique-qui-changera-tout-ce-quil-faut-savoir","status":"publish","type":"post","link":"https:\/\/pamfmstereo.com\/?p=737","title":{"rendered":"Vikings: Valhalla Saison 3 : La Derni\u00e8re Bataille \u00c9pique Qui Changera Tout \u00ab\u00a0ce qu&rsquo;il faut savoir\u00a0\u00bb"},"content":{"rendered":"\n<h3 class=\"wp-block-heading\">Vikings: Valhalla Saison 3 : Tout ce qu&rsquo;il faut savoir sur les derni\u00e8res batailles \u00e9piques, y compris la date de sortie, le casting et plus encore<\/h3>\n\n\n\n<p><strong>Netflix s&rsquo;appr\u00eate \u00e0 conclure la saga \u00e9pique avec la saison finale de \u00ab\u00a0Vikings: Valhalla\u00a0\u00bb.<\/strong> La s\u00e9rie d\u00e9riv\u00e9e de l&#8217;embl\u00e9matique \u00ab\u00a0Vikings\u00a0\u00bb de History Channel, qui a dur\u00e9 six saisons, poursuit les aventures de figures historiques l\u00e9gendaires. Bien que la s\u00e9rie originale ait \u00e9t\u00e9 salu\u00e9e par un large public, \u00ab\u00a0Vikings: Valhalla\u00a0\u00bb a rencontr\u00e9 des avis plus mitig\u00e9s, mais a n\u00e9anmoins r\u00e9ussi \u00e0 captiver un nombre important de t\u00e9l\u00e9spectateurs \u00e0 travers ses multiples saisons.<\/p>\n\n\n\n<p>Le service de streaming promet \u00ab encore plus de bains de sang et de barbes \u00bb alors que Leif Erikson, Harald Sigurdsson, et Freyd\u00eds Eir\u00edksd\u00f3ttir concluent leur aventure \u00e9pique. Mais ils ne \u00ab partiront pas tranquillement vers le coucher du soleil. \u00bb Voici ce \u00e0 quoi il faut s&rsquo;attendre :<\/p>\n\n\n\n<p>\u00ab Les h\u00e9ros deviendront des l\u00e9gendes dans ce dernier chapitre de la saga Vikings: Valhalla. \u00bb C\u2019est ce qu\u2019affirme officiellement Netflix. Cependant, il est important de noter que cette franchise \u2014 bien que \u00ab\u00a0Vikings\u00a0\u00bb ait \u00e9t\u00e9 diffus\u00e9e sur History Channel avec une certaine pr\u00e9cision historique \u2014 a parfois pris des libert\u00e9s qui ont affect\u00e9 la repr\u00e9sentation authentique de certains personnages cl\u00e9s. Cela a un impact sur la fa\u00e7on dont \u00ab\u00a0Vikings: Valhalla\u00a0\u00bb pourrait conclure l&rsquo;histoire de ses protagonistes, mais le public semble pr\u00eat \u00e0 suivre jusqu\u2019au bout.<\/p>\n\n\n\n<h3 class=\"wp-block-heading\">Un Probl\u00e8me Historique<\/h3>\n\n\n\n<p>Pour rappel, \u00ab\u00a0Vikings: Valhalla\u00a0\u00bb commence en 1002, environ 100 ans apr\u00e8s la fin de \u00ab\u00a0Vikings\u00a0\u00bb. Si la s\u00e9rie avait strictement suivi les livres d&rsquo;histoire, elle aurait laiss\u00e9 la place \u00e0 Leif Erikson pour \u00eatre le premier Europ\u00e9en \u00e0 poser le pied en Am\u00e9rique du Nord, bien avant que Christophe Colomb ne prenne le cr\u00e9dit. Cependant, \u00ab\u00a0Vikings\u00a0\u00bb a choisi de montrer un autre personnage, Ubbe Ragnarsso (le fils a\u00een\u00e9 de Ragnar Lothbrok), arrivant en Am\u00e9rique du Nord. Cela a conduit certains fans \u00e0 se demander si la s\u00e9rie d\u00e9riv\u00e9e valait la peine d&rsquo;\u00eatre regard\u00e9e en raison de ses inexactitudes historiques. Pourtant, pour ceux qui ont ador\u00e9 la s\u00e9rie originale, \u00ab\u00a0Vikings: Valhalla\u00a0\u00bb reste un divertissement captivant.<\/p>\n\n\n\n<figure class=\"wp-block-image aligncenter size-full\"><img data-recalc-dims=\"1\" loading=\"lazy\" decoding=\"async\" width=\"640\" height=\"426\" src=\"https:\/\/i0.wp.com\/pamfmstereo.com\/wp-content\/uploads\/2024\/07\/vikings-valhalla-8_450c6b.webp?resize=640%2C426&#038;ssl=1\" alt=\"\" class=\"wp-image-740\" srcset=\"https:\/\/i0.wp.com\/pamfmstereo.com\/wp-content\/uploads\/2024\/07\/vikings-valhalla-8_450c6b.webp?w=704&amp;ssl=1 704w, https:\/\/i0.wp.com\/pamfmstereo.com\/wp-content\/uploads\/2024\/07\/vikings-valhalla-8_450c6b.webp?resize=300%2C200&amp;ssl=1 300w\" sizes=\"auto, (max-width: 640px) 100vw, 640px\" \/><\/figure>\n\n\n\n<h3 class=\"wp-block-heading\">Ce qui nous attend dans la Saison 3<\/h3>\n\n\n\n<p>Pr\u00e9parez-vous \u00e0 suspendre votre incr\u00e9dulit\u00e9, car la lign\u00e9e des personnages pourrait encore \u00eatre modifi\u00e9e avant la fin. La s\u00e9rie revient apr\u00e8s un saut dans le temps de sept ans. Freydis, Harald, et Leif se sont s\u00e9par\u00e9s, les deux hommes ayant atteint Constantinople. Cependant, une tension romantique persiste apr\u00e8s que la ma\u00eetresse de Harald, Eliana, ait l&rsquo;intention d&rsquo;\u00e9pouser l&#8217;empereur Romanos.<\/p>\n\n\n\n<p>Leif se pr\u00e9pare maintenant pour de nouveaux voyages, y compris en direction de Terre-Neuve. Id\u00e9alement, la s\u00e9rie se terminerait avec son arriv\u00e9e l\u00e0-bas, car comme l&rsquo;a soulign\u00e9 un fan sur Reddit, \u00ab Ils devront le faire, non ? Je veux dire, c&rsquo;est litt\u00e9ralement pour cela qu&rsquo;il est connu. \u00bb<\/p>\n\n\n\n<p>En outre, Netflix n&rsquo;a pas encore confirm\u00e9 si la s\u00e9rie se terminera en 1066 comme pr\u00e9vu initialement. Un synopsis tr\u00e8s vague a \u00e9t\u00e9 r\u00e9v\u00e9l\u00e9 :<\/p>\n\n\n\n<p>\u00ab En qu\u00eate d&rsquo;une nouvelle terre viking, nos h\u00e9ros doivent s&rsquo;aventurer plus loin que jamais. De Constantinople au Groenland jusqu&rsquo;aux confins du monde connu. Mais avant de pouvoir naviguer vers de nouveaux horizons, ils doivent revenir l\u00e0 o\u00f9 tout a commenc\u00e9 pour une derni\u00e8re bataille. \u00bb<\/p>\n\n\n\n<figure class=\"wp-block-embed is-type-video is-provider-youtube wp-block-embed-youtube wp-embed-aspect-16-9 wp-has-aspect-ratio\"><div class=\"wp-block-embed__wrapper\">\n<iframe loading=\"lazy\" title=\"Vikings: Valhalla | Season 3 Official Trailer | Netflix\" width=\"640\" height=\"360\" src=\"https:\/\/www.youtube.com\/embed\/eWr2k2JCqdY?feature=oembed\" frameborder=\"0\" allow=\"accelerometer; autoplay; clipboard-write; encrypted-media; gyroscope; picture-in-picture; web-share\" referrerpolicy=\"strict-origin-when-cross-origin\" allowfullscreen><\/iframe>\n<\/div><\/figure>\n\n\n\n<h3 class=\"wp-block-heading\">Le Casting<\/h3>\n\n\n\n<p>La distribution comprend Leo Suter dans le r\u00f4le de Harald Sigurdsson (Harald III de Norv\u00e8ge) et Frida Gustavsson dans celui de Freyd\u00eds Eir\u00edksd\u00f3ttir, s\u0153ur de l&rsquo;explorateur norv\u00e9gien Leif Erikson et colon fondatrice de Vinland. Sam Corlett incarne Leif Erikson.<\/p>\n\n\n\n<p>La saison finale de \u00ab\u00a0Vikings: Valhalla\u00a0\u00bb promet de cl\u00f4turer en beaut\u00e9 cette saga pleine d&rsquo;aventures, de batailles et de d\u00e9couvertes. Les fans attendent avec impatience de voir comment ces h\u00e9ros deviendront des l\u00e9gendes dans ce dernier chapitre \u00e9pique.<\/p>\n","protected":false},"excerpt":{"rendered":"<p>Vikings: Valhalla Saison 3 : Tout ce qu&rsquo;il faut savoir sur les derni\u00e8res batailles \u00e9piques,<\/p>\n","protected":false},"author":2,"featured_media":738,"comment_status":"open","ping_status":"open","sticky":false,"template":"","format":"standard","meta":{"advanced_seo_description":"Pr\u00e9parez-vous \u00e0 suspendre votre incr\u00e9dulit\u00e9, car la lign\u00e9e des personnages pourrait encore \u00eatre modifi\u00e9e avant la fin.","jetpack_seo_html_title":"Vikings: Valhalla Saison 3 : La Derni\u00e8re Bataille \u00c9pique Qui Changera Tout \"ce qu'il faut savoir\"","jetpack_seo_noindex":false,"jetpack_post_was_ever_published":false,"_jetpack_newsletter_access":"","_jetpack_dont_email_post_to_subs":false,"_jetpack_newsletter_tier_id":0,"_jetpack_memberships_contains_paywalled_content":false,"_jetpack_memberships_contains_paid_content":false,"footnotes":"","jetpack_publicize_message":"","jetpack_publicize_feature_enabled":true,"jetpack_social_post_already_shared":false,"jetpack_social_options":{"image_generator_settings":{"template":"highway","enabled":false},"version":2}},"categories":[131,18,59],"tags":[818,832,825,835,831,836,822,830,824,823,827,820,828,105,817,819,826,834,833,821,829],"class_list":["post-737","post","type-post","status-publish","format-standard","has-post-thumbnail","hentry","category-cinema","category-culture","category-divers","tag-aventure","tag-bataille","tag-casting","tag-constantinople","tag-diffusion","tag-finale","tag-freydis-eiriksdottir","tag-frida-gustavsson","tag-groenland","tag-harald-sigurdsson","tag-historique","tag-leif-erikson","tag-leo-suter","tag-netflix","tag-saga","tag-saison-3","tag-sam-corlett","tag-serie","tag-terre-neuve","tag-vikings","tag-vikings-valhalla"],"jetpack_publicize_connections":[],"jetpack_featured_media_url":"https:\/\/i0.wp.com\/pamfmstereo.com\/wp-content\/uploads\/2024\/07\/vikings-valhalla-6.webp?fit=704%2C469&ssl=1","jetpack-related-posts":[],"jetpack_shortlink":"https:\/\/wp.me\/pdKP5f-bT","jetpack_sharing_enabled":true,"jetpack_likes_enabled":true,"_links":{"self":[{"href":"https:\/\/pamfmstereo.com\/index.php?rest_route=\/wp\/v2\/posts\/737","targetHints":{"allow":["GET"]}}],"collection":[{"href":"https:\/\/pamfmstereo.com\/index.php?rest_route=\/wp\/v2\/posts"}],"about":[{"href":"https:\/\/pamfmstereo.com\/index.php?rest_route=\/wp\/v2\/types\/post"}],"author":[{"embeddable":true,"href":"https:\/\/pamfmstereo.com\/index.php?rest_route=\/wp\/v2\/users\/2"}],"replies":[{"embeddable":true,"href":"https:\/\/pamfmstereo.com\/index.php?rest_route=%2Fwp%2Fv2%2Fcomments&post=737"}],"version-history":[{"count":1,"href":"https:\/\/pamfmstereo.com\/index.php?rest_route=\/wp\/v2\/posts\/737\/revisions"}],"predecessor-version":[{"id":741,"href":"https:\/\/pamfmstereo.com\/index.php?rest_route=\/wp\/v2\/posts\/737\/revisions\/741"}],"wp:featuredmedia":[{"embeddable":true,"href":"https:\/\/pamfmstereo.com\/index.php?rest_route=\/wp\/v2\/media\/738"}],"wp:attachment":[{"href":"https:\/\/pamfmstereo.com\/index.php?rest_route=%2Fwp%2Fv2%2Fmedia&parent=737"}],"wp:term":[{"taxonomy":"category","embeddable":true,"href":"https:\/\/pamfmstereo.com\/index.php?rest_route=%2Fwp%2Fv2%2Fcategories&post=737"},{"taxonomy":"post_tag","embeddable":true,"href":"https:\/\/pamfmstereo.com\/index.php?rest_route=%2Fwp%2Fv2%2Ftags&post=737"}],"curies":[{"name":"wp","href":"https:\/\/api.w.org\/{rel}","templated":true}]}}