{"id":319,"date":"2024-06-05T10:27:50","date_gmt":"2024-06-05T10:27:50","guid":{"rendered":"https:\/\/pamfmstereo.com\/?p=319"},"modified":"2024-06-05T10:27:55","modified_gmt":"2024-06-05T10:27:55","slug":"joe-biden-durcit-le-ton-nouvelle-interdiction-dasile-a-la-frontiere-mexicaine","status":"publish","type":"post","link":"https:\/\/pamfmstereo.com\/?p=319","title":{"rendered":"Joe Biden Durcit le Ton : Nouvelle Interdiction d&rsquo;Asile \u00e0 la Fronti\u00e8re Mexicaine"},"content":{"rendered":"\n<p><strong>Joe Biden Institue une Interdiction d&rsquo;Asile pour les Migrants Traversant Ill\u00e9galement la Fronti\u00e8re<\/strong><\/p>\n\n\n\n<p>Le Pr\u00e9sident am\u00e9ricain, Joe Biden, a instaur\u00e9 mardi une interdiction d&rsquo;asile pour les migrants surpris en train de traverser ill\u00e9galement la fronti\u00e8re entre les \u00c9tats-Unis et le Mexique. Cette mesure, entrant en vigueur imm\u00e9diatement apr\u00e8s minuit, marque un tournant majeur dans la politique migratoire \u00e0 l&rsquo;approche des \u00e9lections de novembre, o\u00f9 Biden affrontera le r\u00e9publicain Donald Trump.<\/p>\n\n\n\n<h3 class=\"wp-block-heading\">Expulsions Rapides et Exceptions Humanitaires<\/h3>\n\n\n\n<p>Selon le d\u00e9partement am\u00e9ricain de la S\u00e9curit\u00e9 int\u00e9rieure, les migrants intercept\u00e9s seront rapidement expuls\u00e9s ou refoul\u00e9s vers le Mexique. Toutefois, des exceptions sont pr\u00e9vues pour les enfants non accompagn\u00e9s, les personnes souffrant de graves menaces m\u00e9dicales ou de s\u00e9curit\u00e9, et les victimes de trafic humain.<\/p>\n\n\n\n<h3 class=\"wp-block-heading\">Une Approche Plus Dure en Mati\u00e8re de S\u00e9curit\u00e9 aux Fronti\u00e8res<\/h3>\n\n\n\n<p>Biden, \u00e9lu en 2021 avec la promesse d&rsquo;assouplir certaines politiques migratoires restrictives de Trump, se retrouve confront\u00e9 \u00e0 des niveaux records de passages ill\u00e9gaux. Lors d&rsquo;une conf\u00e9rence de presse, il a soulign\u00e9 que les demandeurs d&rsquo;asile pourraient toujours utiliser l&rsquo;application CBP One pour obtenir un rendez-vous ou emprunter d&rsquo;autres voies l\u00e9gales.<\/p>\n\n\n\n<p>\u00ab Cette action nous aidera \u00e0 prendre le contr\u00f4le de notre fronti\u00e8re et \u00e0 r\u00e9tablir l\u2019ordre dans le processus \u00bb, a d\u00e9clar\u00e9 Biden. L&rsquo;interdiction restera en vigueur jusqu&rsquo;\u00e0 ce que les tentatives de passage ill\u00e9gal diminuent \u00e0 un niveau g\u00e9rable par le syst\u00e8me am\u00e9ricain.<\/p>\n\n\n\n<h3 class=\"wp-block-heading\">D\u00e9fis et Critiques<\/h3>\n\n\n\n<p>L&rsquo;interdiction survient alors que le nombre d&rsquo;arrestations \u00e0 la fronti\u00e8re d\u00e9passe en moyenne 2 500 par jour. Les responsables pr\u00e9cisent que l&rsquo;interdiction sera lev\u00e9e lorsque les arrestations tomberont en dessous d&rsquo;une moyenne de 1 500 par jour pendant trois semaines, un seuil atteint pour la derni\u00e8re fois en juillet 2020, pendant la pand\u00e9mie de COVID-19.<\/p>\n\n\n\n<p>L&rsquo;impl\u00e9mentation rapide de cette mesure soul\u00e8ve des questions, notamment sur la capacit\u00e9 des \u00c9tats-Unis \u00e0 expulser rapidement les migrants de pays lointains et la coop\u00e9ration du Mexique concernant l&rsquo;accueil des non-mexicains.<\/p>\n\n\n\n<h3 class=\"wp-block-heading\">R\u00e9actions Politiques<\/h3>\n\n\n\n<p>Les nouvelles restrictions, similaires \u00e0 celles de Trump, ont \u00e9t\u00e9 critiqu\u00e9es de part et d&rsquo;autre de l&rsquo;\u00e9chiquier politique. L&rsquo;Union am\u00e9ricaine des libert\u00e9s civiles pr\u00e9voit une action en justice contre ces restrictions, les accusant de violer les obligations l\u00e9gales des \u00c9tats-Unis envers les demandeurs d&rsquo;asile.<\/p>\n\n\n\n<p>Du c\u00f4t\u00e9 r\u00e9publicain, les critiques soulignent que ces mesures sont politiquement motiv\u00e9es et insuffisantes. La campagne de Trump a \u00e9galement publi\u00e9 une d\u00e9claration critiquant Biden pour les niveaux \u00e9lev\u00e9s d&rsquo;immigration ill\u00e9gale et pour avoir exempt\u00e9 les mineurs non accompagn\u00e9s, ce qui, selon eux, encouragerait le trafic d&rsquo;enfants.<\/p>\n\n\n\n<h3 class=\"wp-block-heading\">Pressions et Perspectives<\/h3>\n\n\n\n<p>Malgr\u00e9 ses efforts pour renforcer la s\u00e9curit\u00e9 aux fronti\u00e8res, Biden n&rsquo;a pas r\u00e9ussi \u00e0 faire adopter un projet de loi au S\u00e9nat. En attendant, l&rsquo;administration a durci les proc\u00e9dures d&rsquo;asile, notamment avec un r\u00e8glement en mai 2023 qui a augment\u00e9 les normes pour les premi\u00e8res demandes d&rsquo;asile.<\/p>\n\n\n\n<p>La victoire de Claudia Sheinbaum, premi\u00e8re femme pr\u00e9sidente du Mexique, pourrait intensifier la pression pour limiter les passages ill\u00e9gaux. Enrique Lucero, directeur des affaires des migrants \u00e0 Tijuana, avertit que les nouvelles mesures pourraient submerger les refuges pour migrants.<\/p>\n\n\n\n<hr class=\"wp-block-separator has-alpha-channel-opacity\"\/>\n\n\n\n<p><\/p>\n","protected":false},"excerpt":{"rendered":"<p>Joe Biden Institue une Interdiction d&rsquo;Asile pour les Migrants Traversant Ill\u00e9galement la Fronti\u00e8re Le Pr\u00e9sident<\/p>\n","protected":false},"author":2,"featured_media":320,"comment_status":"open","ping_status":"open","sticky":false,"template":"","format":"standard","meta":{"advanced_seo_description":"Joe Biden Institue une Interdiction d'Asile pour les Migrants Traversant Ill\u00e9galement la Fronti\u00e8re","jetpack_seo_html_title":"Joe Biden Durcit le Ton : Nouvelle Interdiction d'Asile \u00e0 la Fronti\u00e8re Mexicaine","jetpack_seo_noindex":false,"jetpack_post_was_ever_published":false,"_jetpack_newsletter_access":"","_jetpack_dont_email_post_to_subs":false,"_jetpack_newsletter_tier_id":0,"_jetpack_memberships_contains_paywalled_content":false,"_jetpack_memberships_contains_paid_content":false,"footnotes":"","jetpack_publicize_message":"","jetpack_publicize_feature_enabled":true,"jetpack_social_post_already_shared":false,"jetpack_social_options":{"image_generator_settings":{"template":"highway","default_image_id":0,"font":"","enabled":false},"version":2}},"categories":[145,11],"tags":[22,156,150,149,153,152,61,154,146,147,155,47,157,148,151,15,28],"class_list":["post-319","post","type-post","status-publish","format-standard","has-post-thumbnail","hentry","category-nouvelles","category-politique","tag-arrestation","tag-asile","tag-democrate","tag-donald-trumo","tag-etats-unis","tag-frontiere","tag-haiti","tag-haitien","tag-immigration","tag-joe-biden","tag-migrant","tag-polemique","tag-politique","tag-politique-migratoire","tag-republicain","tag-reseaux-sociaux","tag-usa"],"jetpack_publicize_connections":[],"jetpack_featured_media_url":"https:\/\/i0.wp.com\/pamfmstereo.com\/wp-content\/uploads\/2024\/06\/Joe-Biden-4.jpg?fit=1200%2C800&ssl=1","jetpack-related-posts":[],"jetpack_shortlink":"https:\/\/wp.me\/pdKP5f-59","jetpack_sharing_enabled":true,"jetpack_likes_enabled":true,"_links":{"self":[{"href":"https:\/\/pamfmstereo.com\/index.php?rest_route=\/wp\/v2\/posts\/319","targetHints":{"allow":["GET"]}}],"collection":[{"href":"https:\/\/pamfmstereo.com\/index.php?rest_route=\/wp\/v2\/posts"}],"about":[{"href":"https:\/\/pamfmstereo.com\/index.php?rest_route=\/wp\/v2\/types\/post"}],"author":[{"embeddable":true,"href":"https:\/\/pamfmstereo.com\/index.php?rest_route=\/wp\/v2\/users\/2"}],"replies":[{"embeddable":true,"href":"https:\/\/pamfmstereo.com\/index.php?rest_route=%2Fwp%2Fv2%2Fcomments&post=319"}],"version-history":[{"count":1,"href":"https:\/\/pamfmstereo.com\/index.php?rest_route=\/wp\/v2\/posts\/319\/revisions"}],"predecessor-version":[{"id":321,"href":"https:\/\/pamfmstereo.com\/index.php?rest_route=\/wp\/v2\/posts\/319\/revisions\/321"}],"wp:featuredmedia":[{"embeddable":true,"href":"https:\/\/pamfmstereo.com\/index.php?rest_route=\/wp\/v2\/media\/320"}],"wp:attachment":[{"href":"https:\/\/pamfmstereo.com\/index.php?rest_route=%2Fwp%2Fv2%2Fmedia&parent=319"}],"wp:term":[{"taxonomy":"category","embeddable":true,"href":"https:\/\/pamfmstereo.com\/index.php?rest_route=%2Fwp%2Fv2%2Fcategories&post=319"},{"taxonomy":"post_tag","embeddable":true,"href":"https:\/\/pamfmstereo.com\/index.php?rest_route=%2Fwp%2Fv2%2Ftags&post=319"}],"curies":[{"name":"wp","href":"https:\/\/api.w.org\/{rel}","templated":true}]}}