{"id":1713,"date":"2025-05-18T08:02:07","date_gmt":"2025-05-18T12:02:07","guid":{"rendered":"https:\/\/pamfmstereo.com\/?p=1713"},"modified":"2025-05-18T08:03:51","modified_gmt":"2025-05-18T12:03:51","slug":"edito-18-mai-2025-haiti-reveille-toi-lheure-du-courage-de-lunite-et-de-la-renaissance-a-sonne","status":"publish","type":"post","link":"https:\/\/pamfmstereo.com\/?p=1713","title":{"rendered":"EDITO: 18 MAI 2025 &#8211; \u00ab Ha\u00efti, R\u00e9veille-toi ! L\u2019Heure du Courage, de l\u2019Unit\u00e9 et de la Renaissance a Sonn\u00e9 \u00bb"},"content":{"rendered":"\n<h2 class=\"wp-block-heading\">Historique du Drapeau Ha\u00eftien : Symbole de Lutte, d\u2019Ind\u00e9pendance et d\u2019Espoir<\/h2>\n\n\n\n<p>Le <strong>18 mai 1803<\/strong>, \u00e0 l\u2019issue du <strong>Congr\u00e8s de l\u2019Arcahaie<\/strong>, na\u00eet l\u2019un des symboles les plus puissants de la lutte pour la libert\u00e9 : le <strong>drapeau ha\u00eftien<\/strong>. Ce jour-l\u00e0, <strong>Jean-Jacques Dessalines<\/strong>, figure embl\u00e9matique de l\u2019ind\u00e9pendance, prend le <strong>drapeau tricolore fran\u00e7ais (bleu, blanc, rouge)<\/strong> et <strong>d\u00e9chire la bande blanche<\/strong>, symbole de l\u2019oppression coloniale et de la race dominante.<\/p>\n\n\n\n<p>Il confie ensuite \u00e0 <strong>Catherine Flon<\/strong>, sa couturi\u00e8re et ni\u00e8ce, la t\u00e2che de coudre les <strong>bandes bleue et rouge<\/strong>, d\u00e9sormais unies horizontalement, repr\u00e9sentant l\u2019union des Noirs et des Mul\u00e2tres dans la lutte pour l\u2019ind\u00e9pendance. Ce geste hautement symbolique devient l\u2019acte fondateur du drapeau ha\u00eftien.<\/p>\n\n\n\n<h3 class=\"wp-block-heading\"><strong>Les couleurs et leur signification :<\/strong><\/h3>\n\n\n\n<ul class=\"wp-block-list\">\n<li><strong>Le bleu<\/strong> symbolise les Noirs d\u2019Afrique, arrach\u00e9s \u00e0 leur terre.<br><\/li>\n\n\n\n<li><strong>Le rouge<\/strong> repr\u00e9sente le sang des Mul\u00e2tres et des peuples unis dans la r\u00e9volte.<br><\/li>\n\n\n\n<li>Plus largement, <strong>le bleu et le rouge r\u00e9unis<\/strong> incarnaient <strong>l\u2019unit\u00e9<\/strong> et la <strong>r\u00e9sistance contre la servitude<\/strong>.<br><\/li>\n<\/ul>\n\n\n\n<h3 class=\"wp-block-heading\"><strong>\u00c9volution du drapeau :<\/strong><\/h3>\n\n\n\n<ul class=\"wp-block-list\">\n<li><strong>1804<\/strong> : Apr\u00e8s la proclamation de l\u2019ind\u00e9pendance, Dessalines adopte un drapeau <strong>noir et rouge<\/strong> en bandes verticales, qui sera plus tard repris par les mouvements nationalistes.<br><\/li>\n\n\n\n<li><strong>1806<\/strong> : Apr\u00e8s l\u2019assassinat de Dessalines, le bleu et rouge horizontal refait surface, notamment sous le r\u00e9gime d\u2019Henri Christophe et Alexandre P\u00e9tion.<br><\/li>\n\n\n\n<li><strong>Sous Duvalier (1964-1986)<\/strong> : Le drapeau noir et rouge est restaur\u00e9 comme symbole du r\u00e9gime.<br><\/li>\n\n\n\n<li><strong>1986<\/strong> : Avec la chute des Duvalier, le drapeau <strong>bleu et rouge horizontal<\/strong> est r\u00e9instaur\u00e9, tel qu\u2019on le conna\u00eet aujourd\u2019hui, orn\u00e9 des <strong>armes nationales<\/strong> au centre : le palmier, les canons et le ruban o\u00f9 est inscrit la devise <strong>\u00ab L\u2019Union fait la force \u00bb<\/strong>.<br><\/li>\n<\/ul>\n\n\n\n<figure class=\"wp-block-image size-full is-resized\"><img data-recalc-dims=\"1\" loading=\"lazy\" decoding=\"async\" width=\"639\" height=\"360\" src=\"https:\/\/i0.wp.com\/pamfmstereo.com\/wp-content\/uploads\/2025\/05\/haiti-evolution-du-drapeau-haitien-1716047547.webp?resize=639%2C360&#038;ssl=1\" alt=\"\" class=\"wp-image-1718\" style=\"width:840px;height:auto\" srcset=\"https:\/\/i0.wp.com\/pamfmstereo.com\/wp-content\/uploads\/2025\/05\/haiti-evolution-du-drapeau-haitien-1716047547.webp?w=639&amp;ssl=1 639w, https:\/\/i0.wp.com\/pamfmstereo.com\/wp-content\/uploads\/2025\/05\/haiti-evolution-du-drapeau-haitien-1716047547.webp?resize=300%2C169&amp;ssl=1 300w\" sizes=\"auto, (max-width: 639px) 100vw, 639px\" \/><\/figure>\n\n\n\n<h3 class=\"wp-block-heading\"><strong>Le 18 mai : Une date historique<\/strong><\/h3>\n\n\n\n<p>La date du <strong>18 mai<\/strong> est officiellement reconnue comme la <strong>F\u00eate du Drapeau et de l\u2019Universit\u00e9<\/strong> en Ha\u00efti. C\u2019est un moment cens\u00e9 rappeler l\u2019h\u00e9ritage de bravoure, de dignit\u00e9 et d\u2019intelligence du peuple ha\u00eftien. Ce drapeau ne repr\u00e9sente pas seulement une nation, mais une <strong>victoire mondiale contre l\u2019esclavage<\/strong>, un acte pionnier de libert\u00e9 pour les peuples opprim\u00e9s.<\/p>\n\n\n\n<figure class=\"wp-block-image size-large\"><img data-recalc-dims=\"1\" loading=\"lazy\" decoding=\"async\" width=\"640\" height=\"336\" src=\"https:\/\/i0.wp.com\/pamfmstereo.com\/wp-content\/uploads\/2025\/05\/Bataille-Vertieres.jpeg?resize=640%2C336&#038;ssl=1\" alt=\"\" class=\"wp-image-1722\" srcset=\"https:\/\/i0.wp.com\/pamfmstereo.com\/wp-content\/uploads\/2025\/05\/Bataille-Vertieres.jpeg?resize=1024%2C538&amp;ssl=1 1024w, https:\/\/i0.wp.com\/pamfmstereo.com\/wp-content\/uploads\/2025\/05\/Bataille-Vertieres.jpeg?resize=300%2C158&amp;ssl=1 300w, https:\/\/i0.wp.com\/pamfmstereo.com\/wp-content\/uploads\/2025\/05\/Bataille-Vertieres.jpeg?resize=768%2C403&amp;ssl=1 768w, https:\/\/i0.wp.com\/pamfmstereo.com\/wp-content\/uploads\/2025\/05\/Bataille-Vertieres.jpeg?w=1200&amp;ssl=1 1200w\" sizes=\"auto, (max-width: 640px) 100vw, 640px\" \/><\/figure>\n\n\n\n<h2 class=\"wp-block-heading\"><strong>Le D\u00e9clin : Quand l\u2019Ambition Personnelle Enterre le R\u00eave Collectif<\/strong><\/h2>\n\n\n\n<p>L\u2019ind\u00e9pendance d\u2019Ha\u00efti, arrach\u00e9e de haute lutte en 1804, fut un miracle historique. Mais ce miracle \u00e9tait fragile, exigeant vigilance, unit\u00e9 et vision \u00e0 long terme. H\u00e9las, ce r\u00eave partag\u00e9 par <strong>Toussaint Louverture<\/strong>, puis concr\u00e9tis\u00e9 par <strong>Jean-Jacques Dessalines<\/strong>, n\u2019a pas surv\u00e9cu \u00e0 l\u2019ambition vorace des hommes qui lui ont succ\u00e9d\u00e9.<\/p>\n\n\n\n<p>\u00c0 peine l\u2019ind\u00e9pendance proclam\u00e9e, les <strong>luttes de pouvoir<\/strong> \u00e9clatent. Les h\u00e9ritiers de la victoire, plut\u00f4t que de consolider les fondations d\u2019un nouvel \u00c9tat libre et souverain, s\u2019engagent dans une course \u00e0 l\u2019influence. Le projet national est rapidement d\u00e9tourn\u00e9 au profit d\u2019int\u00e9r\u00eats personnels, de <strong>clans<\/strong>, de <strong>r\u00e9seaux d\u2019alli\u00e9s strat\u00e9giques<\/strong>, de <strong>ristournes politiques<\/strong> et d\u2019une logique de <strong>partisanerie<\/strong>. Ce d\u00e9voiement s\u2019installe alors que les plaies de l\u2019esclavage saignent encore, et que la jeune nation a besoin de coh\u00e9sion, non de division.<\/p>\n\n\n\n<h3 class=\"wp-block-heading\"><strong>Un r\u00eave trahi<\/strong><\/h3>\n\n\n\n<p>Ce que <strong>Toussaint Louverture<\/strong> avait r\u00eav\u00e9, <strong>Dessalines l\u2019a impos\u00e9 par le feu, la strat\u00e9gie et la vision<\/strong>. Il voulait un pays debout, noir, libre, juste. Mais cette vision s\u2019est heurt\u00e9e \u00e0 l\u2019avidit\u00e9 de ceux qui, au lieu de poursuivre l\u2019\u0153uvre de lib\u00e9ration, ont <strong>pr\u00e9tendu \u00eatre plus l\u00e9gitimes que les autres<\/strong>.<br>Ils ont voulu leur part du pouvoir, non pour construire, mais pour <strong>dominer<\/strong>.<\/p>\n\n\n\n<p>C\u2019est cette logique de <strong>supr\u00e9matie individuelle sur l\u2019id\u00e9al collectif<\/strong> qui co\u00fbta \u00e0 Dessalines sa vie, assassin\u00e9 <strong>le 17 octobre 1806<\/strong>. Un crime politique fondateur, qui allait marquer \u00e0 jamais le destin de la nation ha\u00eftienne : <strong>on venait de tuer non seulement un homme, mais aussi une vision.<\/strong><\/p>\n\n\n\n<h3 class=\"wp-block-heading\"><strong>Une ind\u00e9pendance affaiblie de l\u2019int\u00e9rieur<\/strong><\/h3>\n\n\n\n<p>Alors m\u00eame que l\u2019ancienne m\u00e9tropole cherchait des moyens de pression pour reprendre son influence, l\u2019Ha\u00efti libre s\u2019enlisait dans ses propres contradictions.<br>Les rivalit\u00e9s entre le Nord et le Sud, entre <strong>Christophe et P\u00e9tion<\/strong>, allaient transformer le pays en <strong>champs de luttes fratricides<\/strong>, ouvrant la voie \u00e0 une tradition de division, de coups d\u2019\u00c9tat, d\u2019alliances circonstancielles et de trahisons politiques.<\/p>\n\n\n\n<p>Plut\u00f4t que de renforcer les institutions, on a renforc\u00e9 <strong>les fid\u00e9lit\u00e9s personnelles<\/strong>.<br>Plut\u00f4t que d\u2019\u00e9lever le peuple, on a \u00e9lev\u00e9 <strong>des hommes au-dessus du peuple.<\/strong><strong><br><\/strong> Plut\u00f4t que de faire l\u2019unit\u00e9, on a entretenu <strong>la m\u00e9fiance et le repli sur soi.<\/strong><\/p>\n\n\n\n<h2 class=\"wp-block-heading\"><strong>La R\u00e9alit\u00e9 Actuelle : L\u2019H\u00e9ritage D\u00e9voy\u00e9 d\u2019une Lutte Sacr\u00e9e<\/strong><\/h2>\n\n\n\n<p>Les pratiques politiques qui ont empoisonn\u00e9 Ha\u00efti d\u00e8s les premi\u00e8res heures de son ind\u00e9pendance n\u2019ont jamais disparu. Elles ont simplement chang\u00e9 de formes, <strong>\u00e9pousant les contours de chaque \u00e9poque<\/strong>, mais conservant la m\u00eame essence : <strong>l\u2019ambition solitaire, l\u2019int\u00e9r\u00eat de groupe, le m\u00e9pris de la vision collective<\/strong>.<\/p>\n\n\n\n<p>Autrefois jeune nation guid\u00e9e par une id\u00e9e claire de libert\u00e9 et de souverainet\u00e9, <strong>Ha\u00efti est devenue une r\u00e9publique fragment\u00e9e<\/strong>, min\u00e9e par les int\u00e9r\u00eats particuliers et la d\u00e9fiance g\u00e9n\u00e9ralis\u00e9e. <strong>L\u2019unit\u00e9 du peuple, pourtant fondement m\u00eame du drapeau, s\u2019est disloqu\u00e9e<\/strong> au fil des d\u00e9cennies, donnant naissance \u00e0 une soci\u00e9t\u00e9 o\u00f9 chacun <strong>se croit plus intelligent que l\u2019autre<\/strong>, o\u00f9 la solidarit\u00e9 s\u2019est \u00e9vapor\u00e9e au profit de la ruse, du calcul et de la survie individuelle.<\/p>\n\n\n\n<h3 class=\"wp-block-heading\"><strong>D\u2019un flambeau \u00e0 une fracture<\/strong><\/h3>\n\n\n\n<p>L\u2019\u00e9cart entre les classes n\u2019a jamais \u00e9t\u00e9 aussi criant. Les \u00e9lites politiques et \u00e9conomiques ont d\u00e9sert\u00e9 toute forme de responsabilit\u00e9 envers la nation, pendant que <strong>la majorit\u00e9 s\u2019enlise dans la mis\u00e8re, l\u2019ins\u00e9curit\u00e9 et l\u2019exclusion<\/strong>.<br>Le pays est d\u00e9sormais <strong>gouvern\u00e9 par des int\u00e9r\u00eats cach\u00e9s, gangren\u00e9 par les gangs arm\u00e9s, sans \u00c9tat v\u00e9ritable, sans autorit\u00e9 reconnue ni respect\u00e9e.<\/strong><\/p>\n\n\n\n<p>Pendant ce temps, <strong>la R\u00e9publique Dominicaine<\/strong>, que nous avons occup\u00e9e un jour, s\u2019est d\u00e9velopp\u00e9e, structur\u00e9e, affirm\u00e9e. Elle nous regarde d\u00e9sormais avec condescendance, parfois avec hostilit\u00e9. Et <strong>nous ne sommes m\u00eame plus en position de nous d\u00e9fendre<\/strong> face \u00e0 leurs d\u00e9rives, leurs politiques discriminatoires, leur m\u00e9pris affich\u00e9.<br>Nous endurons <strong>le fardeau de l\u2019immigration, du commerce d\u00e9s\u00e9quilibr\u00e9 et de la concurrence d\u00e9loyale<\/strong>, sans r\u00e9ponse politique ni vision diplomatique.<\/p>\n\n\n\n<h3 class=\"wp-block-heading\"><strong>Pris en \u00e9tau, \u00e0 l\u2019int\u00e9rieur comme \u00e0 l\u2019ext\u00e9rieur<\/strong><\/h3>\n\n\n\n<p>\u00c0 l\u2019int\u00e9rieur du pays, c\u2019est <strong>la loi des gangs, de la pauvret\u00e9 extr\u00eame, de l\u2019abandon<\/strong>.<br>\u00c0 l\u2019ext\u00e9rieur, <strong>c\u2019est l\u2019humiliation, la stigmatisation, le rejet.<\/strong><strong><br><\/strong> Nous sommes devenus <strong>\u00e9trangers dans notre propre pays et ind\u00e9sirables dans les autres<\/strong>.<\/p>\n\n\n\n<p>Ce n\u2019est plus simplement un probl\u00e8me de gouvernement ou de politique. <strong>C\u2019est un vide de vision<\/strong>, une <strong>absence de r\u00eave collectif<\/strong>, un pays qui <strong>vit sans boussole<\/strong>, <strong>attend la mort sans r\u00e9sister<\/strong>, <strong>esp\u00e8re sans conviction.<\/strong><\/p>\n\n\n\n<h2 class=\"wp-block-heading\"><strong>\u00ab\u00a0Rallumons le Flambeau : Pour une Ha\u00efti Unie, Debout et Digne de son Histoire\u00a0\u00bb<\/strong><\/h2>\n\n\n\n<figure class=\"wp-block-image size-large\"><img data-recalc-dims=\"1\" loading=\"lazy\" decoding=\"async\" width=\"640\" height=\"640\" src=\"https:\/\/i0.wp.com\/pamfmstereo.com\/wp-content\/uploads\/2025\/05\/DSC07581-2.webp?resize=640%2C640&#038;ssl=1\" alt=\"\" class=\"wp-image-1717\" srcset=\"https:\/\/i0.wp.com\/pamfmstereo.com\/wp-content\/uploads\/2025\/05\/DSC07581-2.webp?resize=1024%2C1024&amp;ssl=1 1024w, https:\/\/i0.wp.com\/pamfmstereo.com\/wp-content\/uploads\/2025\/05\/DSC07581-2.webp?resize=300%2C300&amp;ssl=1 300w, https:\/\/i0.wp.com\/pamfmstereo.com\/wp-content\/uploads\/2025\/05\/DSC07581-2.webp?resize=150%2C150&amp;ssl=1 150w, https:\/\/i0.wp.com\/pamfmstereo.com\/wp-content\/uploads\/2025\/05\/DSC07581-2.webp?resize=768%2C768&amp;ssl=1 768w, https:\/\/i0.wp.com\/pamfmstereo.com\/wp-content\/uploads\/2025\/05\/DSC07581-2.webp?resize=1536%2C1536&amp;ssl=1 1536w, https:\/\/i0.wp.com\/pamfmstereo.com\/wp-content\/uploads\/2025\/05\/DSC07581-2.webp?w=1946&amp;ssl=1 1946w, https:\/\/i0.wp.com\/pamfmstereo.com\/wp-content\/uploads\/2025\/05\/DSC07581-2.webp?w=1280&amp;ssl=1 1280w\" sizes=\"auto, (max-width: 640px) 100vw, 640px\" \/><\/figure>\n\n\n\n<p><strong>Une richesse n\u00e9glig\u00e9e, une voie oubli\u00e9e<\/strong><\/p>\n\n\n\n<p>Si Ha\u00efti semble aujourd\u2019hui s\u2019effondrer sous le poids de ses contradictions, <strong>c\u2019est aussi parce qu\u2019elle a reni\u00e9 ce qui aurait pu \u00eatre sa force la plus puissante<\/strong> : son identit\u00e9.<br>Nous avons tout pour b\u00e2tir un pays remarquable, pas forc\u00e9ment riche au sens occidental, mais <strong>riche de sens, de culture, de beaut\u00e9, de fiert\u00e9 et d\u2019humanit\u00e9<\/strong>.<\/p>\n\n\n\n<p>Au lieu de cela, <strong>nous nous sommes enferm\u00e9s dans une logique d\u2019autodestruction<\/strong>. Nous avons laiss\u00e9 une minorit\u00e9 exploiter nos ressources, d\u00e9tourner nos espoirs et instrumentaliser notre pauvret\u00e9.<br><strong>L\u00e0 o\u00f9 nos anc\u00eatres avaient r\u00eav\u00e9 d\u2019un pays lumineux, nous avons accept\u00e9 l\u2019ombre.<\/strong><strong><br><\/strong> L\u00e0 o\u00f9 nous pouvions construire un paradis \u00e0 notre \u00e9chelle, nous avons pr\u00e9f\u00e9r\u00e9 cultiver l\u2019enfer, chacun pour soi.<\/p>\n\n\n\n<p>Et pourtant&#8230;<\/p>\n\n\n\n<h3 class=\"wp-block-heading\"><strong>Nous sommes toujours la perle, ternie, mais pas perdue.<\/strong><\/h3>\n\n\n\n<p>La perle des Antilles, ce n\u2019\u00e9tait pas qu\u2019un surnom flatteur.<br>C\u2019\u00e9tait une <strong>r\u00e9alit\u00e9 visible<\/strong> : des montagnes majestueuses, des plages cristallines, une culture vibrante, une histoire h\u00e9ro\u00efque, une musique envo\u00fbtante, une spiritualit\u00e9 puissante.<br>Nous \u00e9tions admir\u00e9s, envi\u00e9s, cit\u00e9s en exemple.<\/p>\n\n\n\n<p>Ce que nous avons perdu, ce n\u2019est pas notre valeur.<br><strong>C\u2019est notre capacit\u00e9 \u00e0 la reconna\u00eetre et \u00e0 la valoriser collectivement.<\/strong><\/p>\n\n\n\n<p>D\u2019autres pays ont connu la guerre, la division, la ruine.<br>Mais ils ont eu la lucidit\u00e9 de <strong>stopper l\u2019h\u00e9morragie, de se parler franchement, de planifier l\u2019avenir.<\/strong> Ils ont mis\u00e9 sur leur jeunesse, sur leur patrimoine, sur une vision claire.<br>Aujourd\u2019hui, ils sont stables, fiers, d\u00e9velopp\u00e9s.<\/p>\n\n\n\n<p><strong>Nous aussi, nous avons cette possibilit\u00e9.<\/strong><\/p>\n\n\n\n<h2 class=\"wp-block-heading\"><strong>La sortie ne viendra pas de l\u2019ext\u00e9rieur. Elle viendra de nous.<\/strong><\/h2>\n\n\n\n<p>Nous devons enfin voir en Ha\u00efti <strong>non pas un probl\u00e8me \u00e0 fuir, mais une richesse \u00e0 r\u00e9v\u00e9ler.<\/strong><\/p>\n\n\n\n<ul class=\"wp-block-list\">\n<li><strong>Notre culture<\/strong> est un tr\u00e9sor mondial : danses, rituels, contes, cuisine, langue, peinture.<br><\/li>\n\n\n\n<li><strong>Notre histoire<\/strong> est unique : premi\u00e8re r\u00e9publique noire libre, seule victoire d\u2019esclaves contre un empire.<br><\/li>\n\n\n\n<li><strong>Nos paysages<\/strong> sont un paradis encore vierge : du Cap \u00e0 Jacmel, de l\u2019Artibonite au Massif de la Hotte.<br><\/li>\n\n\n\n<li><strong>Notre diaspora<\/strong> est dynamique, comp\u00e9tente, et peut \u00eatre une alli\u00e9e cl\u00e9 si on l\u2019inclut intelligemment.<br><\/li>\n\n\n\n<li><strong>Notre jeunesse<\/strong> regorge d\u2019id\u00e9es, de talents, de cr\u00e9ativit\u00e9, mais elle est trop souvent abandonn\u00e9e.<br><\/li>\n<\/ul>\n\n\n\n<p>Plut\u00f4t que de mendier, <strong>nous devons investir.<\/strong><strong><br><\/strong> Plut\u00f4t que d\u2019imiter, <strong>nous devons innover \u00e0 partir de nous.<\/strong><\/p>\n\n\n\n<p>Il nous faut <strong>un projet national<\/strong> clair, ambitieux, coh\u00e9rent et inclusif.<\/p>\n\n\n\n<p>Un projet qui :<\/p>\n\n\n\n<ul class=\"wp-block-list\">\n<li><strong>Reconna\u00eet nos erreurs sans s\u2019y enfermer.<\/strong><strong><br><\/strong><\/li>\n\n\n\n<li><strong>Mobilise nos forces sans les trahir.<\/strong><strong><br><\/strong><\/li>\n\n\n\n<li><strong>C\u00e9l\u00e8bre notre histoire sans la fossiliser.<\/strong><strong><br><\/strong><\/li>\n\n\n\n<li><strong>Pr\u00e9pare l\u2019avenir avec m\u00e9thode et courage.<\/strong><strong><br><\/strong><\/li>\n<\/ul>\n\n\n\n<figure class=\"wp-block-image size-full is-resized\"><img data-recalc-dims=\"1\" loading=\"lazy\" decoding=\"async\" width=\"640\" height=\"360\" src=\"https:\/\/i0.wp.com\/pamfmstereo.com\/wp-content\/uploads\/2025\/05\/hq720.jpg?resize=640%2C360&#038;ssl=1\" alt=\"\" class=\"wp-image-1716\" style=\"width:840px;height:auto\" srcset=\"https:\/\/i0.wp.com\/pamfmstereo.com\/wp-content\/uploads\/2025\/05\/hq720.jpg?w=686&amp;ssl=1 686w, https:\/\/i0.wp.com\/pamfmstereo.com\/wp-content\/uploads\/2025\/05\/hq720.jpg?resize=300%2C169&amp;ssl=1 300w\" sizes=\"auto, (max-width: 640px) 100vw, 640px\" \/><\/figure>\n\n\n\n<h2 class=\"wp-block-heading\"><strong>Ha\u00efti ne sera jamais la Suisse. Mais elle peut redevenir la Perle.<\/strong><\/h2>\n\n\n\n<p>Pas besoin d\u2019\u00eatre une puissance mondiale pour \u00eatre une nation respect\u00e9e.<\/p>\n\n\n\n<p>Il suffit de <strong>redevenir nous-m\u00eames<\/strong>, avec dignit\u00e9, organisation et ambition.<br>Il suffit de <strong>reconstruire notre paradis<\/strong>, pas \u00e0 l\u2019image des autres, mais \u00e0 l\u2019image de ce que nous sommes, et de ce que nous pouvons devenir.<\/p>\n\n\n\n<h2 class=\"wp-block-heading\"><strong>Jeunesse ha\u00eftienne, l\u2019heure n\u2019est plus aux larmes mais au courage<\/strong><\/h2>\n\n\n\n<p>Assez vu, assez subi, assez attendu.<br><strong>Vous \u00eates la g\u00e9n\u00e9ration du tournant<\/strong>, celle qui n\u2019a plus le droit de d\u00e9tourner le regard ni de plier sous le poids des trahisons du pass\u00e9.<\/p>\n\n\n\n<p><strong>Vous \u00eates n\u00e9s dans la temp\u00eate<\/strong>, mais cela ne signifie pas que vous \u00eates condamn\u00e9s \u00e0 chavirer.<br>Votre naissance dans le chaos ne vous prive pas du droit d\u2019esp\u00e9rer,&nbsp; au contraire, <strong>vous \u00eates les mieux plac\u00e9s pour inventer la lumi\u00e8re<\/strong>.<\/p>\n\n\n\n<p>Oui, vos a\u00een\u00e9s vous ont l\u00e9gu\u00e9 un pays ab\u00eem\u00e9, divis\u00e9, pill\u00e9, presque sans rep\u00e8res.<br>Mais l\u2019histoire est pleine de nations qui ont su rena\u00eetre <strong>non pas gr\u00e2ce \u00e0 des sauveurs, mais gr\u00e2ce \u00e0 une jeunesse debout, instruite, unie et r\u00e9solue.<\/strong><\/p>\n\n\n\n<h2 class=\"wp-block-heading\"><strong>Ne laissez pas mourir Ha\u00efti en silence<\/strong><\/h2>\n\n\n\n<p>On vous dira que c\u2019est impossible.<br>On vous dira que c\u2019est trop tard.<br>On vous dira que partir est la seule voie.<br>Mais <strong>ce pays ne se reconstruira que si vous d\u00e9cidez de le porter.<\/strong><\/p>\n\n\n\n<p>Pas seuls, non.<br>Mais <strong>ensemble. En r\u00e9seau. En conscience. En action.<\/strong><\/p>\n\n\n\n<ul class=\"wp-block-list\">\n<li><strong>Prenez la parole. Refusez la manipulation. D\u00e9construisez les mensonges.<\/strong><strong><br><\/strong><\/li>\n\n\n\n<li><strong>Cr\u00e9ez. Instruisez-vous. Osez l\u2019innovation. Misez sur la technologie, l\u2019agriculture, la culture, l\u2019\u00e9conomie solidaire.<\/strong><strong><br><\/strong><\/li>\n\n\n\n<li><strong>B\u00e2tissez des ponts entre les quartiers, les classes, les r\u00e9gions, la diaspora.<\/strong><strong><br><\/strong><\/li>\n\n\n\n<li><strong>Ne vous laissez plus diviser par les clans, les religions, les partis.<\/strong><strong><br><\/strong><\/li>\n\n\n\n<li><strong>Devenez les leaders que vous esp\u00e9riez voir appara\u00eetre.<\/strong><\/li>\n<\/ul>\n\n\n\n<figure class=\"wp-block-image size-full is-resized\"><img data-recalc-dims=\"1\" loading=\"lazy\" decoding=\"async\" width=\"640\" height=\"360\" src=\"https:\/\/i0.wp.com\/pamfmstereo.com\/wp-content\/uploads\/2025\/05\/hq720-1.jpg?resize=640%2C360&#038;ssl=1\" alt=\"\" class=\"wp-image-1715\" style=\"width:840px;height:auto\" srcset=\"https:\/\/i0.wp.com\/pamfmstereo.com\/wp-content\/uploads\/2025\/05\/hq720-1.jpg?w=686&amp;ssl=1 686w, https:\/\/i0.wp.com\/pamfmstereo.com\/wp-content\/uploads\/2025\/05\/hq720-1.jpg?resize=300%2C169&amp;ssl=1 300w\" sizes=\"auto, (max-width: 640px) 100vw, 640px\" \/><\/figure>\n\n\n\n<h2 class=\"wp-block-heading\"><strong>On ne na\u00eet pas tra\u00eetre. On le devient par renoncement.<\/strong><\/h2>\n\n\n\n<p>Ne renoncez pas.<\/p>\n\n\n\n<p>Ne vous laissez pas voler ce qui vous appartient :<br><strong>votre pays, votre avenir, votre dignit\u00e9.<\/strong><\/p>\n\n\n\n<p>Ha\u00efti n\u2019est pas un vieux r\u00eave \u00e9teint.<br><strong>C\u2019est une promesse \u00e0 accomplir.<\/strong><\/p>\n\n\n\n<p>Et cette promesse, <strong>c\u2019est \u00e0 vous de la tenir.<\/strong><\/p>\n","protected":false},"excerpt":{"rendered":"<p>Historique du Drapeau Ha\u00eftien : Symbole de Lutte, d\u2019Ind\u00e9pendance et d\u2019Espoir Le 18 mai 1803,<\/p>\n","protected":false},"author":2,"featured_media":1714,"comment_status":"open","ping_status":"open","sticky":false,"template":"","format":"standard","meta":{"advanced_seo_description":"La perle des Antilles, ce n\u2019\u00e9tait pas qu\u2019un surnom flatteur.\nC\u2019\u00e9tait une r\u00e9alit\u00e9 visible : des montagnes majestueuses, des plages cristallines, une culture vibrante, une histoire h\u00e9ro\u00efque, une musique envo\u00fbtante, une spiritualit\u00e9 puissante.\nNous \u00e9tions admir\u00e9s, envi\u00e9s...","jetpack_seo_html_title":"EDITO: 18 MAI 2025 - \u00ab Ha\u00efti, R\u00e9veille-toi ! L\u2019Heure du Courage, de l\u2019Unit\u00e9 et de la Renaissance a Sonn\u00e9 \u00bb","jetpack_seo_noindex":false,"jetpack_post_was_ever_published":false,"_jetpack_newsletter_access":"","_jetpack_dont_email_post_to_subs":false,"_jetpack_newsletter_tier_id":0,"_jetpack_memberships_contains_paywalled_content":false,"_jetpack_memberships_contains_paid_content":false,"footnotes":"","jetpack_publicize_message":"","jetpack_publicize_feature_enabled":true,"jetpack_social_post_already_shared":false,"jetpack_social_options":{"image_generator_settings":{"template":"highway","enabled":false},"version":2}},"categories":[18,59,85],"tags":[2700,2699,2693,2684,2686,2683,2690,2698,2688,2696,2694,2687,2685,2695,2427,2697,2691,2689,2701,61,47,15,2692],"class_list":["post-1713","post","type-post","status-publish","format-standard","has-post-thumbnail","hentry","category-culture","category-divers","category-editorial","tag-ayitisenoutout","tag-ayitisotinanfenwa","tag-draponouselavinou","tag-fiersdenoscouleurs","tag-flambeaudesluttes","tag-forceayisyen","tag-haitiespoirviv","tag-haitifoklichanje","tag-heritiersdedessalines","tag-lanmoupoulapatri","tag-noulapouchanjman","tag-noupapbaylegzanp","tag-nouseayiti","tag-noutoutseflanm","tag-reveilhaitien","tag-revolisyonmoral","tag-sauvonshaiti","tag-unispourhaiti","tag-vwapepla","tag-haiti","tag-polemique","tag-reseaux-sociaux","tag-haitidebout"],"jetpack_publicize_connections":[],"jetpack_featured_media_url":"https:\/\/i0.wp.com\/pamfmstereo.com\/wp-content\/uploads\/2025\/05\/2275_actu_magic-articles-6medias_508_c06_2697411eb4aab48a69000bcc49_508c062697411eb4aab48a69000bcc49.jpg?fit=870%2C435&ssl=1","jetpack-related-posts":[],"jetpack_shortlink":"https:\/\/wp.me\/pdKP5f-rD","jetpack_sharing_enabled":true,"jetpack_likes_enabled":true,"_links":{"self":[{"href":"https:\/\/pamfmstereo.com\/index.php?rest_route=\/wp\/v2\/posts\/1713","targetHints":{"allow":["GET"]}}],"collection":[{"href":"https:\/\/pamfmstereo.com\/index.php?rest_route=\/wp\/v2\/posts"}],"about":[{"href":"https:\/\/pamfmstereo.com\/index.php?rest_route=\/wp\/v2\/types\/post"}],"author":[{"embeddable":true,"href":"https:\/\/pamfmstereo.com\/index.php?rest_route=\/wp\/v2\/users\/2"}],"replies":[{"embeddable":true,"href":"https:\/\/pamfmstereo.com\/index.php?rest_route=%2Fwp%2Fv2%2Fcomments&post=1713"}],"version-history":[{"count":1,"href":"https:\/\/pamfmstereo.com\/index.php?rest_route=\/wp\/v2\/posts\/1713\/revisions"}],"predecessor-version":[{"id":1723,"href":"https:\/\/pamfmstereo.com\/index.php?rest_route=\/wp\/v2\/posts\/1713\/revisions\/1723"}],"wp:featuredmedia":[{"embeddable":true,"href":"https:\/\/pamfmstereo.com\/index.php?rest_route=\/wp\/v2\/media\/1714"}],"wp:attachment":[{"href":"https:\/\/pamfmstereo.com\/index.php?rest_route=%2Fwp%2Fv2%2Fmedia&parent=1713"}],"wp:term":[{"taxonomy":"category","embeddable":true,"href":"https:\/\/pamfmstereo.com\/index.php?rest_route=%2Fwp%2Fv2%2Fcategories&post=1713"},{"taxonomy":"post_tag","embeddable":true,"href":"https:\/\/pamfmstereo.com\/index.php?rest_route=%2Fwp%2Fv2%2Ftags&post=1713"}],"curies":[{"name":"wp","href":"https:\/\/api.w.org\/{rel}","templated":true}]}}