{"id":1608,"date":"2024-12-05T23:13:39","date_gmt":"2024-12-06T04:13:39","guid":{"rendered":"https:\/\/pamfmstereo.com\/?p=1608"},"modified":"2024-12-05T23:13:42","modified_gmt":"2024-12-06T04:13:42","slug":"edito-haiti-05-12-2024-un-jour-une-vision-un-nouveau-depart","status":"publish","type":"post","link":"https:\/\/pamfmstereo.com\/?p=1608","title":{"rendered":"EDITO: Ha\u00efti, 05 &#8211; 12 &#8211; 2024, Un Jour, Une Vision, Un Nouveau D\u00e9part"},"content":{"rendered":"\n<iframe loading=\"lazy\" src=\"https:\/\/www.facebook.com\/plugins\/video.php?height=314&#038;href=https%3A%2F%2Fwww.facebook.com%2Fpamfmhaiti%2Fvideos%2F1252764092644557%2F&#038;show_text=false&#038;width=560&#038;t=0\" width=\"560\" height=\"314\" style=\"border:none;overflow:hidden\" scrolling=\"no\" frameborder=\"0\" allowfullscreen=\"true\" allow=\"autoplay; clipboard-write; encrypted-media; picture-in-picture; web-share\" allowFullScreen=\"true\"><\/iframe>\n\n\n\n<p>Ha\u00efti, terre de courage et de r\u00e9silience, porte en elle l\u2019h\u00e9ritage d\u2019un peuple qui a brav\u00e9 l\u2019impossible pour devenir la premi\u00e8re r\u00e9publique noire ind\u00e9pendante au monde. Mais aujourd\u2019hui, alors que les d\u00e9fis \u00e9conomiques, sociaux et politiques persistent, une question br\u00fblante s\u2019impose : comment transformer ce jour en un point de d\u00e9part pour relancer le pays et lui redonner sa grandeur ?<\/p>\n\n\n\n<h3 class=\"wp-block-heading\"><strong>L\u2019h\u00e9ritage d\u2019une nation libre<\/strong><\/h3>\n\n\n\n<p>Ha\u00efti est bien plus qu\u2019une \u00eele des Cara\u00efbes. C\u2019est un symbole universel de lutte pour la libert\u00e9 et la justice. Cependant, derri\u00e8re cet h\u00e9ritage glorieux se cache une r\u00e9alit\u00e9 complexe marqu\u00e9e par des crises \u00e9conomiques, des d\u00e9sastres naturels et des tensions politiques. Si ces d\u00e9fis sont importants, ils ne d\u00e9finissent pas l\u2019avenir. Chaque jour est une opportunit\u00e9 de changement, et aujourd\u2019hui peut marquer le d\u00e9but d\u2019une nouvelle \u00e8re.<\/p>\n\n\n\n<h3 class=\"wp-block-heading\"><strong>Revaloriser le patrimoine et rallumer la fiert\u00e9 nationale<\/strong><\/h3>\n\n\n\n<p>Ha\u00efti regorge de richesses culturelles, historiques et naturelles. Ces tr\u00e9sors, souvent n\u00e9glig\u00e9s, doivent devenir le moteur du d\u00e9veloppement et de la fiert\u00e9 nationale. Organiser des \u00e9v\u00e9nements \u00e9ducatifs et culturels, promouvoir la musique et la gastronomie locale, ou encore mettre en avant des sites embl\u00e9matiques comme la Citadelle et le Palais Sans Souci peut raviver la flamme patriotique. Le tourisme, bien g\u00e9r\u00e9, pourrait transformer cette richesse culturelle en un levier \u00e9conomique puissant.<\/p>\n\n\n\n<h3 class=\"wp-block-heading\"><strong>Miser sur la jeunesse et l\u2019\u00e9ducation<\/strong><\/h3>\n\n\n\n<p>Le futur d\u2019Ha\u00efti repose entre les mains de sa jeunesse. Ce jour peut \u00eatre consacr\u00e9 \u00e0 investir dans l\u2019\u00e9ducation : distribution de fournitures scolaires, formations techniques, et enseignement des valeurs civiques. Plus encore, il est crucial de cr\u00e9er des espaces o\u00f9 les jeunes peuvent r\u00eaver, innover et entreprendre, devenant ainsi les b\u00e2tisseurs d\u2019une Ha\u00efti forte et prosp\u00e8re.<\/p>\n\n\n\n<h3 class=\"wp-block-heading\"><strong>Relancer l\u2019\u00e9conomie \u00e0 partir des forces locales<\/strong><\/h3>\n\n\n\n<p>L\u2019autonomie \u00e9conomique est un pilier fondamental pour le renouveau d\u2019Ha\u00efti. Encourager la production locale, notamment dans l\u2019agriculture et l\u2019artisanat, peut r\u00e9duire la d\u00e9pendance aux importations. Soutenir des microprojets communautaires et l\u2019entrepreneuriat local permettrait non seulement de cr\u00e9er des emplois, mais aussi de renforcer la confiance des Ha\u00eftiens dans leur propre capacit\u00e9 \u00e0 transformer leur r\u00e9alit\u00e9.<\/p>\n\n\n\n<h3 class=\"wp-block-heading\"><strong>Impliquer la diaspora : un tr\u00e9sor inexploit\u00e9<\/strong><\/h3>\n\n\n\n<p>La diaspora ha\u00eftienne, dispers\u00e9e aux quatre coins du monde, est une force vive et un pilier potentiel pour le d\u00e9veloppement. Ce jour peut \u00eatre l\u2019occasion de cr\u00e9er des plateformes de collaboration pour mobiliser des investissements, des comp\u00e9tences et des id\u00e9es en faveur du pays. Une Ha\u00efti forte peut se construire avec la contribution active de tous ses enfants, o\u00f9 qu\u2019ils se trouvent.<\/p>\n\n\n\n<h3 class=\"wp-block-heading\"><strong>Un appel \u00e0 l\u2019unit\u00e9 et au dialogue<\/strong><\/h3>\n\n\n\n<p>Ha\u00efti ne peut se relever que dans l\u2019unit\u00e9. Ce jour doit \u00eatre un moment de r\u00e9conciliation nationale. Politiques, leaders communautaires, et citoyens ordinaires doivent se rassembler autour d\u2019une vision commune, d\u00e9finissant ensemble les priorit\u00e9s pour reconstruire la nation. Sans dialogue ni respect mutuel, les efforts resteront fragment\u00e9s et inefficaces.<\/p>\n\n\n\n<h3 class=\"wp-block-heading\"><strong>Des actions concr\u00e8tes d\u00e8s aujourd\u2019hui<\/strong><\/h3>\n\n\n\n<p>Le changement commence par des gestes simples mais impactants. Nettoyer les quartiers, reboiser des terrains d\u00e9grad\u00e9s, ou encore organiser des campagnes de sensibilisation \u00e0 travers les m\u00e9dias sont des exemples d\u2019initiatives imm\u00e9diates. Ces petites victoires quotidiennes peuvent catalyser un mouvement de transformation \u00e0 grande \u00e9chelle.<\/p>\n\n\n\n<h3 class=\"wp-block-heading\"><strong>Un nouveau d\u00e9part est possible<\/strong><\/h3>\n\n\n\n<p>Relancer Ha\u00efti n\u2019est pas une utopie. C\u2019est une n\u00e9cessit\u00e9, et ce jour peut marquer le d\u00e9but d\u2019une transformation historique. Chaque Ha\u00eftien, qu\u2019il soit au pays ou dans la diaspora, a un r\u00f4le \u00e0 jouer. Ensemble, en valorisant nos atouts, en misant sur l\u2019\u00e9ducation, en relan\u00e7ant l\u2019\u00e9conomie et en \u0153uvrant pour l\u2019unit\u00e9, nous pouvons redonner \u00e0 Ha\u00efti sa place de leader dans la r\u00e9gion et dans le monde.<\/p>\n\n\n\n<p><strong>Ha\u00efti, l\u2019heure est venue. Transformons ce jour en une vision et cette vision en un nouveau d\u00e9part.<\/strong><\/p>\n","protected":false},"excerpt":{"rendered":"<p>Ha\u00efti, terre de courage et de r\u00e9silience, porte en elle l\u2019h\u00e9ritage d\u2019un peuple qui a<\/p>\n","protected":false},"author":2,"featured_media":1521,"comment_status":"open","ping_status":"open","sticky":false,"template":"","format":"standard","meta":{"advanced_seo_description":"Relancer Ha\u00efti n\u2019est pas une utopie. C\u2019est une n\u00e9cessit\u00e9, et ce jour peut marquer le d\u00e9but d\u2019une transformation historique.","jetpack_seo_html_title":"EDITO: Ha\u00efti, 05 - 12 - 2024, Un Jour, Une Vision, Un Nouveau D\u00e9part","jetpack_seo_noindex":false,"jetpack_post_was_ever_published":false,"_jetpack_newsletter_access":"","_jetpack_dont_email_post_to_subs":false,"_jetpack_newsletter_tier_id":0,"_jetpack_memberships_contains_paywalled_content":false,"_jetpack_memberships_contains_paid_content":false,"footnotes":"","jetpack_publicize_message":"","jetpack_publicize_feature_enabled":true,"jetpack_social_post_already_shared":false,"jetpack_social_options":{"image_generator_settings":{"template":"highway","enabled":false},"version":2}},"categories":[59,85,1],"tags":[2423,2412,2425,2417,2409,2411,2414,2415,2422,2416,2419,2420,2418,2426,2408,2413,2383,2421,2424,2410],"class_list":["post-1608","post","type-post","status-publish","format-standard","has-post-thumbnail","hentry","category-divers","category-editorial","category-uncategorized","tag-actionaujourdhui","tag-changementpositif","tag-diasporaenaction","tag-educationpourtous","tag-fiertenationale","tag-forceculturelle","tag-haitienavant","tag-haitiespoir","tag-haitifort","tag-haitirenouveau","tag-heritagehaitien","tag-investirenhaiti","tag-jeunessehaitienne","tag-nouvelleerehaitienne","tag-reconstructionhaiti-2","tag-relancerhaiti","tag-solidaritehaitienne","tag-tourismedurable","tag-unitepourhaiti","tag-visionpourdemain","has-post-video"],"jetpack_publicize_connections":[],"jetpack_featured_media_url":"https:\/\/i0.wp.com\/pamfmstereo.com\/wp-content\/uploads\/2024\/09\/cropped-Portada-de-Facebook-App-Finanzas-Inversion-Eslogan-Frase-Profesional-Corporativo-Degradado.png?fit=851%2C315&ssl=1","jetpack-related-posts":[],"jetpack_shortlink":"https:\/\/wp.me\/pdKP5f-pW","jetpack_sharing_enabled":true,"jetpack_likes_enabled":true,"_links":{"self":[{"href":"https:\/\/pamfmstereo.com\/index.php?rest_route=\/wp\/v2\/posts\/1608","targetHints":{"allow":["GET"]}}],"collection":[{"href":"https:\/\/pamfmstereo.com\/index.php?rest_route=\/wp\/v2\/posts"}],"about":[{"href":"https:\/\/pamfmstereo.com\/index.php?rest_route=\/wp\/v2\/types\/post"}],"author":[{"embeddable":true,"href":"https:\/\/pamfmstereo.com\/index.php?rest_route=\/wp\/v2\/users\/2"}],"replies":[{"embeddable":true,"href":"https:\/\/pamfmstereo.com\/index.php?rest_route=%2Fwp%2Fv2%2Fcomments&post=1608"}],"version-history":[{"count":1,"href":"https:\/\/pamfmstereo.com\/index.php?rest_route=\/wp\/v2\/posts\/1608\/revisions"}],"predecessor-version":[{"id":1609,"href":"https:\/\/pamfmstereo.com\/index.php?rest_route=\/wp\/v2\/posts\/1608\/revisions\/1609"}],"wp:featuredmedia":[{"embeddable":true,"href":"https:\/\/pamfmstereo.com\/index.php?rest_route=\/wp\/v2\/media\/1521"}],"wp:attachment":[{"href":"https:\/\/pamfmstereo.com\/index.php?rest_route=%2Fwp%2Fv2%2Fmedia&parent=1608"}],"wp:term":[{"taxonomy":"category","embeddable":true,"href":"https:\/\/pamfmstereo.com\/index.php?rest_route=%2Fwp%2Fv2%2Fcategories&post=1608"},{"taxonomy":"post_tag","embeddable":true,"href":"https:\/\/pamfmstereo.com\/index.php?rest_route=%2Fwp%2Fv2%2Ftags&post=1608"}],"curies":[{"name":"wp","href":"https:\/\/api.w.org\/{rel}","templated":true}]}}