{"id":1573,"date":"2024-10-05T10:51:30","date_gmt":"2024-10-05T14:51:30","guid":{"rendered":"https:\/\/pamfmstereo.com\/?p=1573"},"modified":"2024-10-05T10:51:34","modified_gmt":"2024-10-05T14:51:34","slug":"ladministration-biden-netend-pas-un-programme-de-deux-ans-pour-les-migrants-de-quatre-nations","status":"publish","type":"post","link":"https:\/\/pamfmstereo.com\/?p=1573","title":{"rendered":"L&rsquo;administration Biden n&rsquo;\u00e9tend pas un programme de deux ans pour les migrants de quatre nations"},"content":{"rendered":"\n<p>WASHINGTON \u2014 L&rsquo;administration Biden a d\u00e9cid\u00e9 de ne pas prolonger un programme de deux ans qui permettait \u00e0 certains migrants de nations sp\u00e9cifiques d&rsquo;entrer aux \u00c9tats-Unis, \u00e0 condition qu&rsquo;ils arrivent par avion avec un parrainage.<\/p>\n\n\n\n<p>Le programme, lanc\u00e9 en 2022 avec les V\u00e9n\u00e9zu\u00e9liens, visait \u00e0 offrir une alternative l\u00e9gale aux migrants qui arrivaient en nombre croissant \u00e0 la fronti\u00e8re entre les \u00c9tats-Unis et le Mexique, tout en durcissant les mesures contre les travers\u00e9es ill\u00e9gales. Il a ensuite \u00e9t\u00e9 \u00e9tendu aux Cubains, Ha\u00eftiens et Nicaraguayens \u2014 nationalit\u00e9s des migrants qui tentaient le plus souvent de franchir la fronti\u00e8re. Le programme leur permettait de vivre et de travailler aux \u00c9tats-Unis pendant deux ans, le temps de rechercher un autre statut l\u00e9gal.<\/p>\n\n\n\n<p>Cette d\u00e9cision intervient \u00e0 un mois des \u00e9lections pr\u00e9sidentielles de 2024, alors que la d\u00e9mocrate Kamala Harris s&rsquo;efforce de projeter une position plus ferme sur l&rsquo;immigration. Le r\u00e9publicain Donald Trump, quant \u00e0 lui, a critiqu\u00e9 les politiques migratoires de l&rsquo;administration et a multipli\u00e9 les insultes et les mensonges \u00e0 l&rsquo;encontre des migrants aux \u00c9tats-Unis, en particulier les Ha\u00eftiens, ces derni\u00e8res semaines.<\/p>\n\n\n\n<p>Les responsables de la s\u00e9curit\u00e9 int\u00e9rieure ont indiqu\u00e9 vendredi que ceux qui atteignent la fin de la p\u00e9riode de deux ans devront demander un autre type de statut l\u00e9gal, quitter le pays ou faire face \u00e0 une expulsion. Plusieurs voies l\u00e9gales sont disponibles pour de nombreuses nationalit\u00e9s, notamment le \u00ab statut de protection temporaire \u00bb pour les V\u00e9n\u00e9zu\u00e9liens et les Ha\u00eftiens, qui leur permet de rester aux \u00c9tats-Unis en raison de la violence extr\u00eame, de l&rsquo;instabilit\u00e9 ou des catastrophes naturelles d\u00e9vastatrices dans leur pays d&rsquo;origine.<\/p>\n\n\n\n<p>\u00ab Cette p\u00e9riode de deux ans \u00e9tait destin\u00e9e \u00e0 permettre aux individus de demander une aide humanitaire ou d&rsquo;autres avantages migratoires auxquels ils pouvaient \u00eatre \u00e9ligibles, tout en travaillant et en contribuant aux \u00c9tats-Unis \u00bb, a d\u00e9clar\u00e9 Naree Ketudat, porte-parole du D\u00e9partement de la S\u00e9curit\u00e9 int\u00e9rieure.<\/p>\n\n\n\n<p>Les nouveaux migrants \u00e0 la fronti\u00e8re peuvent toujours postuler pour le programme, et cette d\u00e9cision ne concerne pas les ressortissants afghans ou ukrainiens.<\/p>\n","protected":false},"excerpt":{"rendered":"<p>WASHINGTON \u2014 L&rsquo;administration Biden a d\u00e9cid\u00e9 de ne pas prolonger un programme de deux ans<\/p>\n","protected":false},"author":1,"featured_media":1414,"comment_status":"open","ping_status":"open","sticky":false,"template":"","format":"standard","meta":{"advanced_seo_description":"Cette d\u00e9cision intervient \u00e0 un mois des \u00e9lections pr\u00e9sidentielles de 2024, alors que la d\u00e9mocrate Kamala Harris s'efforce de projeter une position plus ferme sur l'immigration. ","jetpack_seo_html_title":"L'administration Biden n'\u00e9tend pas un programme de deux ans pour les migrants de quatre nations","jetpack_seo_noindex":false,"jetpack_post_was_ever_published":false,"_jetpack_newsletter_access":"","_jetpack_dont_email_post_to_subs":false,"_jetpack_newsletter_tier_id":0,"_jetpack_memberships_contains_paywalled_content":false,"_jetpack_memberships_contains_paid_content":false,"footnotes":"","jetpack_publicize_message":"","jetpack_publicize_feature_enabled":true,"jetpack_social_post_already_shared":false,"jetpack_social_options":{"image_generator_settings":{"template":"highway","enabled":false},"version":2}},"categories":[59,2078,127,181,145,11],"tags":[],"class_list":["post-1573","post","type-post","status-publish","format-standard","has-post-thumbnail","hentry","category-divers","category-election","category-insecurite","category-international","category-nouvelles","category-politique"],"jetpack_publicize_connections":[],"jetpack_featured_media_url":"https:\/\/pamfmstereo.com\/wp-content\/uploads\/2024\/08\/joe-et-Harris.avif","jetpack-related-posts":[],"jetpack_shortlink":"https:\/\/wp.me\/pdKP5f-pn","jetpack_sharing_enabled":true,"jetpack_likes_enabled":true,"_links":{"self":[{"href":"https:\/\/pamfmstereo.com\/index.php?rest_route=\/wp\/v2\/posts\/1573","targetHints":{"allow":["GET"]}}],"collection":[{"href":"https:\/\/pamfmstereo.com\/index.php?rest_route=\/wp\/v2\/posts"}],"about":[{"href":"https:\/\/pamfmstereo.com\/index.php?rest_route=\/wp\/v2\/types\/post"}],"author":[{"embeddable":true,"href":"https:\/\/pamfmstereo.com\/index.php?rest_route=\/wp\/v2\/users\/1"}],"replies":[{"embeddable":true,"href":"https:\/\/pamfmstereo.com\/index.php?rest_route=%2Fwp%2Fv2%2Fcomments&post=1573"}],"version-history":[{"count":2,"href":"https:\/\/pamfmstereo.com\/index.php?rest_route=\/wp\/v2\/posts\/1573\/revisions"}],"predecessor-version":[{"id":1575,"href":"https:\/\/pamfmstereo.com\/index.php?rest_route=\/wp\/v2\/posts\/1573\/revisions\/1575"}],"wp:featuredmedia":[{"embeddable":true,"href":"https:\/\/pamfmstereo.com\/index.php?rest_route=\/wp\/v2\/media\/1414"}],"wp:attachment":[{"href":"https:\/\/pamfmstereo.com\/index.php?rest_route=%2Fwp%2Fv2%2Fmedia&parent=1573"}],"wp:term":[{"taxonomy":"category","embeddable":true,"href":"https:\/\/pamfmstereo.com\/index.php?rest_route=%2Fwp%2Fv2%2Fcategories&post=1573"},{"taxonomy":"post_tag","embeddable":true,"href":"https:\/\/pamfmstereo.com\/index.php?rest_route=%2Fwp%2Fv2%2Ftags&post=1573"}],"curies":[{"name":"wp","href":"https:\/\/api.w.org\/{rel}","templated":true}]}}