{"id":1528,"date":"2024-09-12T07:55:04","date_gmt":"2024-09-12T11:55:04","guid":{"rendered":"https:\/\/pamfmstereo.com\/?p=1528"},"modified":"2024-09-12T07:55:08","modified_gmt":"2024-09-12T11:55:08","slug":"les-etats-unis-reclament-deux-sieges-permanents-pour-lafrique-au-conseil-de-securite-de-lonu-un-tournant-historique","status":"publish","type":"post","link":"https:\/\/pamfmstereo.com\/?p=1528","title":{"rendered":"Les \u00c9tats-Unis R\u00e9clament Deux Si\u00e8ges Permanents pour l&rsquo;Afrique au Conseil de S\u00e9curit\u00e9 de l&rsquo;ONU : Un Tournant Historique !"},"content":{"rendered":"\n<p>Les \u00c9tats-Unis soutiennent la cr\u00e9ation de deux si\u00e8ges permanents pour les \u00c9tats africains au Conseil de s\u00e9curit\u00e9 des Nations Unies, ainsi qu&rsquo;un si\u00e8ge rotatif pour les petits \u00c9tats insulaires en d\u00e9veloppement, a annonc\u00e9 l&rsquo;ambassadrice am\u00e9ricaine \u00e0 l&rsquo;ONU, Linda Thomas-Greenfield, ce jeudi.<\/p>\n\n\n\n<p>Cette initiative intervient alors que les \u00c9tats-Unis cherchent \u00e0 r\u00e9parer leurs relations avec l&rsquo;Afrique, o\u00f9 de nombreux pays sont m\u00e9contents du soutien de Washington \u00e0 la guerre d&rsquo;Isra\u00ebl \u00e0 Gaza, et \u00e0 renforcer leurs liens avec les nations insulaires du Pacifique, jug\u00e9es essentielles pour contrer l&rsquo;influence croissante de la Chine dans la r\u00e9gion.<\/p>\n\n\n\n<p>Thomas-Greenfield a d\u00e9clar\u00e9 \u00e0 Reuters qu&rsquo;elle esp\u00e9rait que cette annonce permettrait de \u00ab\u00a0faire avancer cette agenda de mani\u00e8re \u00e0 ce que nous puissions un jour r\u00e9aliser une r\u00e9forme du Conseil de s\u00e9curit\u00e9\u00a0\u00bb, soulignant qu&rsquo;il s&rsquo;agit d&rsquo;une partie de l&rsquo;h\u00e9ritage du pr\u00e9sident am\u00e9ricain Joe Biden.<\/p>\n\n\n\n<p>La proposition de deux si\u00e8ges permanents pour l&rsquo;Afrique et un si\u00e8ge rotatif pour les petits \u00c9tats insulaires s&rsquo;ajoute au soutien de longue date de Washington pour que l&rsquo;Inde, le Japon et l&rsquo;Allemagne obtiennent \u00e9galement des si\u00e8ges permanents au Conseil.<\/p>\n\n\n\n<p>Les nations en d\u00e9veloppement demandent depuis longtemps des si\u00e8ges permanents au Conseil de s\u00e9curit\u00e9, l&rsquo;organe le plus puissant des Nations Unies. Cependant, des ann\u00e9es de discussions sur la r\u00e9forme n&rsquo;ont donn\u00e9 aucun r\u00e9sultat, et il reste incertain si le soutien am\u00e9ricain pourra r\u00e9ellement stimuler une action concr\u00e8te.<\/p>\n\n\n\n<figure class=\"wp-block-image size-full is-resized\"><img data-recalc-dims=\"1\" loading=\"lazy\" decoding=\"async\" width=\"231\" height=\"218\" src=\"https:\/\/i0.wp.com\/pamfmstereo.com\/wp-content\/uploads\/2024\/09\/africa.jpg?resize=231%2C218&#038;ssl=1\" alt=\"\" class=\"wp-image-1530\" style=\"width:838px;height:auto\"\/><\/figure>\n\n\n\n<p>Avant d&rsquo;annoncer cette proposition au Conseil des relations \u00e9trang\u00e8res \u00e0 New York, Thomas-Greenfield a pr\u00e9cis\u00e9 \u00e0 Reuters que Washington ne soutient pas l&rsquo;\u00e9largissement du droit de veto au-del\u00e0 des cinq pays qui en disposent actuellement.<\/p>\n\n\n\n<p>Le Conseil de s\u00e9curit\u00e9 a pour mission de maintenir la paix et la s\u00e9curit\u00e9 internationales. Il a le pouvoir d&rsquo;imposer des sanctions, des embargos sur les armes et d&rsquo;autoriser l&rsquo;usage de la force.<\/p>\n\n\n\n<h3 class=\"wp-block-heading\">Probl\u00e8me de l\u00e9gitimit\u00e9<\/h3>\n\n\n\n<p>Le secr\u00e9taire g\u00e9n\u00e9ral de l&rsquo;ONU, Ant\u00f3nio Guterres, soutient \u00e9galement une r\u00e9forme du Conseil de s\u00e9curit\u00e9.<\/p>\n\n\n\n<p>\u00ab\u00a0Vous avez un Conseil de s\u00e9curit\u00e9 qui correspond exactement \u00e0 la situation d&rsquo;apr\u00e8s la Seconde Guerre mondiale\u2026 Cela pose un probl\u00e8me de l\u00e9gitimit\u00e9 et d&rsquo;efficacit\u00e9, et il doit \u00eatre r\u00e9form\u00e9\u00a0\u00bb, a d\u00e9clar\u00e9 Guterres \u00e0 Reuters mercredi.<\/p>\n\n\n\n<p>Toute modification de la composition du Conseil de s\u00e9curit\u00e9 se fait par un amendement \u00e0 la Charte fondatrice de l&rsquo;ONU. Cela n\u00e9cessite l&rsquo;approbation des deux tiers de l&rsquo;Assembl\u00e9e g\u00e9n\u00e9rale, y compris les cinq membres permanents disposant du droit de veto.<\/p>\n\n\n\n<p>L&rsquo;Assembl\u00e9e g\u00e9n\u00e9rale des Nations Unies, qui compte 193 membres, discute chaque ann\u00e9e depuis plus de dix ans de la r\u00e9forme du Conseil de s\u00e9curit\u00e9. Toutefois, ces derni\u00e8res ann\u00e9es, les tensions g\u00e9opolitiques, exacerb\u00e9es par l&rsquo;invasion de l&rsquo;Ukraine par la Russie, ont accru l&rsquo;\u00e9lan en faveur de cette r\u00e9forme.<\/p>\n\n\n\n<p>\u00ab\u00a0Une grande partie des discussions sur la r\u00e9forme du Conseil de s\u00e9curit\u00e9 n&rsquo;a \u00e9t\u00e9 qu&rsquo;une conversation\u00a0\u00bb, dira Thomas-Greenfield jeudi, selon les remarques pr\u00e9par\u00e9es pour son annonce, dans lesquelles elle exprime le soutien des \u00c9tats-Unis pour le passage \u00e0 des n\u00e9gociations sur un texte de projet visant \u00e0 amender la Charte de l&rsquo;ONU afin d&rsquo;\u00e9largir le Conseil.<\/p>\n\n\n\n<p>Thomas-Greenfield a cependant indiqu\u00e9 \u00e0 Reuters qu&rsquo;elle ne pouvait pas estimer combien de temps il pourrait falloir pour que l&rsquo;Assembl\u00e9e g\u00e9n\u00e9rale vote sur une telle r\u00e9solution.<\/p>\n\n\n\n<p>Chaque ann\u00e9e, l&rsquo;Assembl\u00e9e g\u00e9n\u00e9rale \u00e9lit cinq nouveaux membres, issus de diff\u00e9rents groupes g\u00e9ographiques, pour des mandats de deux ans au sein du Conseil de s\u00e9curit\u00e9. Actuellement, l&rsquo;Afrique dispose de trois si\u00e8ges non permanents qui sont attribu\u00e9s \u00e0 tour de r\u00f4le entre les \u00c9tats membres.<\/p>\n\n\n\n<p>\u00ab\u00a0Le probl\u00e8me, c&rsquo;est que ces si\u00e8ges non permanents ne permettent pas aux pays africains de mettre pleinement \u00e0 profit leur savoir et leur voix pour les travaux du Conseil\u2026 de diriger de mani\u00e8re coh\u00e9rente sur les d\u00e9fis qui nous concernent tous, et qui affectent de mani\u00e8re disproportionn\u00e9e les Africains\u00a0\u00bb, dira Thomas-Greenfield.<\/p>\n\n\n\n<p>Elle ajoutera que les petits \u00c9tats insulaires en d\u00e9veloppement m\u00e9ritent un si\u00e8ge rotatif car ils offrent des \u00ab\u00a0perspectives critiques sur une s\u00e9rie de questions de paix et de s\u00e9curit\u00e9 internationales, notamment sur l&rsquo;impact du changement climatique.\u00a0\u00bb<\/p>\n","protected":false},"excerpt":{"rendered":"<p>Les \u00c9tats-Unis soutiennent la cr\u00e9ation de deux si\u00e8ges permanents pour les \u00c9tats africains au Conseil<\/p>\n","protected":false},"author":2,"featured_media":1529,"comment_status":"open","ping_status":"open","sticky":false,"template":"","format":"standard","meta":{"advanced_seo_description":"L'Assembl\u00e9e g\u00e9n\u00e9rale des Nations Unies, qui compte 193 membres, discute chaque ann\u00e9e depuis plus de dix ans de la r\u00e9forme du Conseil de s\u00e9curit\u00e9.","jetpack_seo_html_title":"Les \u00c9tats-Unis R\u00e9clament Deux Si\u00e8ges Permanents pour l'Afrique au Conseil de S\u00e9curit\u00e9 de l'ONU : Un Tournant Historique !","jetpack_seo_noindex":false,"jetpack_post_was_ever_published":false,"_jetpack_newsletter_access":"","_jetpack_dont_email_post_to_subs":false,"_jetpack_newsletter_tier_id":0,"_jetpack_memberships_contains_paywalled_content":false,"_jetpack_memberships_contains_paid_content":false,"footnotes":"","jetpack_publicize_message":"","jetpack_publicize_feature_enabled":true,"jetpack_social_post_already_shared":false,"jetpack_social_options":{"image_generator_settings":{"template":"highway","enabled":false},"version":2}},"categories":[59,181,145,11],"tags":[2198,2208,2196,2200,2199,2203,2206,2205,785,2202,2195,2204,2211,2194,2207,2210,2193,2209,2197,2201],"class_list":["post-1528","post","type-post","status-publish","format-standard","has-post-thumbnail","hentry","category-divers","category-international","category-nouvelles","category-politique","tag-afriqueauconseil","tag-afriquepuissancemondiale","tag-conseildesecurite","tag-diplomatieamericaine","tag-gaza-2","tag-geopolitique","tag-ilesendeveloppement","tag-influencechinoise","tag-joebiden","tag-nationsunies","tag-onu-2","tag-paixmondiale","tag-reformemultilaterale","tag-reformeonu","tag-securiteinternationale","tag-siegesafricains","tag-siegespermanents","tag-soutienamericain","tag-thomasgreenfield","tag-vetoonu"],"jetpack_publicize_connections":[],"jetpack_featured_media_url":"https:\/\/i0.wp.com\/pamfmstereo.com\/wp-content\/uploads\/2024\/09\/linda-th.webp?fit=1500%2C1000&ssl=1","jetpack-related-posts":[],"jetpack_shortlink":"https:\/\/wp.me\/pdKP5f-oE","jetpack_sharing_enabled":true,"jetpack_likes_enabled":true,"_links":{"self":[{"href":"https:\/\/pamfmstereo.com\/index.php?rest_route=\/wp\/v2\/posts\/1528","targetHints":{"allow":["GET"]}}],"collection":[{"href":"https:\/\/pamfmstereo.com\/index.php?rest_route=\/wp\/v2\/posts"}],"about":[{"href":"https:\/\/pamfmstereo.com\/index.php?rest_route=\/wp\/v2\/types\/post"}],"author":[{"embeddable":true,"href":"https:\/\/pamfmstereo.com\/index.php?rest_route=\/wp\/v2\/users\/2"}],"replies":[{"embeddable":true,"href":"https:\/\/pamfmstereo.com\/index.php?rest_route=%2Fwp%2Fv2%2Fcomments&post=1528"}],"version-history":[{"count":1,"href":"https:\/\/pamfmstereo.com\/index.php?rest_route=\/wp\/v2\/posts\/1528\/revisions"}],"predecessor-version":[{"id":1531,"href":"https:\/\/pamfmstereo.com\/index.php?rest_route=\/wp\/v2\/posts\/1528\/revisions\/1531"}],"wp:featuredmedia":[{"embeddable":true,"href":"https:\/\/pamfmstereo.com\/index.php?rest_route=\/wp\/v2\/media\/1529"}],"wp:attachment":[{"href":"https:\/\/pamfmstereo.com\/index.php?rest_route=%2Fwp%2Fv2%2Fmedia&parent=1528"}],"wp:term":[{"taxonomy":"category","embeddable":true,"href":"https:\/\/pamfmstereo.com\/index.php?rest_route=%2Fwp%2Fv2%2Fcategories&post=1528"},{"taxonomy":"post_tag","embeddable":true,"href":"https:\/\/pamfmstereo.com\/index.php?rest_route=%2Fwp%2Fv2%2Ftags&post=1528"}],"curies":[{"name":"wp","href":"https:\/\/api.w.org\/{rel}","templated":true}]}}