{"id":1442,"date":"2024-08-27T02:55:58","date_gmt":"2024-08-27T06:55:58","guid":{"rendered":"https:\/\/pamfmstereo.com\/?p=1442"},"modified":"2024-08-27T02:56:02","modified_gmt":"2024-08-27T06:56:02","slug":"telegram-le-pdg-pavel-durov-face-a-des-accusations-criminelles-une-tempete-judiciaire-et-politique","status":"publish","type":"post","link":"https:\/\/pamfmstereo.com\/?p=1442","title":{"rendered":"Telegram: Le PDG Pavel Durov face \u00e0 des accusations criminelles, une temp\u00eate judiciaire et politique"},"content":{"rendered":"\n<p>Pavel Durov, cofondateur et PDG de la c\u00e9l\u00e8bre application de messagerie Telegram, a \u00e9t\u00e9 arr\u00eat\u00e9 \u00e0 Paris le 26 ao\u00fbt 2024, provoquant des d\u00e9bats sur la libert\u00e9 d\u2019expression, la responsabilit\u00e9 des plateformes num\u00e9riques et les limites des droits num\u00e9riques. Les autorit\u00e9s judiciaires fran\u00e7aises ont formul\u00e9 de graves accusations contre Durov, tandis que son arrestation a suscit\u00e9 une attention m\u00e9diatique mondiale et des r\u00e9actions politiques, soulevant des interrogations sur les motivations derri\u00e8re cette d\u00e9tention tr\u00e8s m\u00e9diatis\u00e9e.<\/p>\n\n\n\n<p><strong>Les accusations contre Durov<\/strong><\/p>\n\n\n\n<p>Les autorit\u00e9s fran\u00e7aises ont r\u00e9v\u00e9l\u00e9 que Durov avait \u00e9t\u00e9 plac\u00e9 en d\u00e9tention en raison d&rsquo;une enqu\u00eate judiciaire ouverte en juillet 2024. Cette enqu\u00eate l&rsquo;accuse de complicit\u00e9 dans plusieurs crimes graves, notamment la facilitation de la vente de pornographie enfantine, le soutien au crime organis\u00e9, la facilitation du trafic de drogue et le refus de coop\u00e9rer avec les demandes l\u00e9gales d&rsquo;informations concernant des activit\u00e9s ill\u00e9gales.<\/p>\n\n\n\n<p>Selon le bureau du procureur de Paris, ces accusations sont le r\u00e9sultat d&rsquo;une enqu\u00eate approfondie men\u00e9e par les autorit\u00e9s fran\u00e7aises. Durov aurait \u00e9galement ignor\u00e9 plusieurs requ\u00eates des enqu\u00eateurs visant \u00e0 obtenir des informations critiques pour r\u00e9soudre ces affaires. Sa d\u00e9tention, initialement prolong\u00e9e jusqu&rsquo;au lundi 26 ao\u00fbt, pourrait se prolonger jusqu&rsquo;au mercredi 28 ao\u00fbt, avant que les autorit\u00e9s ne d\u00e9cident de le lib\u00e9rer ou de l&rsquo;inculper officiellement.<\/p>\n\n\n\n<p><strong>R\u00e9actions et d\u00e9fense<\/strong><\/p>\n\n\n\n<p>Face \u00e0 ces accusations, Telegram a imm\u00e9diatement r\u00e9agi. Dans un communiqu\u00e9 publi\u00e9 sur sa plateforme, la soci\u00e9t\u00e9 a affirm\u00e9 respecter les lois de l&rsquo;Union europ\u00e9enne et que sa mod\u00e9ration de contenu est \u00ab\u00a0conforme aux normes de l&rsquo;industrie et constamment am\u00e9lior\u00e9e\u00a0\u00bb. Telegram a \u00e9galement d\u00e9fendu Durov, soulignant qu&rsquo;il \u00ab\u00a0n&rsquo;a rien \u00e0 cacher\u00a0\u00bb et qu&rsquo;il voyage fr\u00e9quemment en Europe. Le communiqu\u00e9 qualifie d&rsquo;absurde l&rsquo;id\u00e9e qu&rsquo;un propri\u00e9taire de plateforme soit responsable des abus perp\u00e9tr\u00e9s par certains utilisateurs.<\/p>\n\n\n\n<p>Sur le plan politique, le pr\u00e9sident fran\u00e7ais Emmanuel Macron a pris la parole pour clarifier la position du gouvernement. Il a d\u00e9clar\u00e9 sur la plateforme X (anciennement Twitter) que l&rsquo;arrestation de Durov n&rsquo;\u00e9tait \u00ab\u00a0en aucun cas une d\u00e9cision politique\u00a0\u00bb, affirmant que l&rsquo;enqu\u00eate \u00e9tait ind\u00e9pendante et non influenc\u00e9e par des motivations politiques. Macron a soulign\u00e9 l&rsquo;engagement de la France envers la libert\u00e9 d&rsquo;expression, mais a rappel\u00e9 que ces libert\u00e9s doivent \u00eatre respect\u00e9es \u00ab\u00a0dans un cadre l\u00e9gal\u00a0\u00bb afin de prot\u00e9ger les citoyens et leurs droits fondamentaux.<\/p>\n\n\n\n<p><strong>Un contexte global de critiques<\/strong><\/p>\n\n\n\n<figure class=\"wp-block-image size-large is-resized\"><img data-recalc-dims=\"1\" loading=\"lazy\" decoding=\"async\" width=\"640\" height=\"307\" src=\"https:\/\/i0.wp.com\/pamfmstereo.com\/wp-content\/uploads\/2024\/08\/TELEGRAM.webp?resize=640%2C307&#038;ssl=1\" alt=\"\" class=\"wp-image-1445\" style=\"width:840px;height:auto\" srcset=\"https:\/\/i0.wp.com\/pamfmstereo.com\/wp-content\/uploads\/2024\/08\/TELEGRAM.webp?resize=1024%2C491&amp;ssl=1 1024w, https:\/\/i0.wp.com\/pamfmstereo.com\/wp-content\/uploads\/2024\/08\/TELEGRAM.webp?resize=300%2C144&amp;ssl=1 300w, https:\/\/i0.wp.com\/pamfmstereo.com\/wp-content\/uploads\/2024\/08\/TELEGRAM.webp?resize=768%2C368&amp;ssl=1 768w, https:\/\/i0.wp.com\/pamfmstereo.com\/wp-content\/uploads\/2024\/08\/TELEGRAM.webp?w=1163&amp;ssl=1 1163w\" sizes=\"auto, (max-width: 640px) 100vw, 640px\" \/><\/figure>\n\n\n\n<p>Telegram a longtemps \u00e9t\u00e9 critiqu\u00e9 par plusieurs gouvernements occidentaux pour son manque de mod\u00e9ration de contenu, qui, selon eux, permet l&rsquo;utilisation de la plateforme \u00e0 des fins ill\u00e9gales telles que le blanchiment d&rsquo;argent, le trafic de drogue et la diffusion de mat\u00e9riel li\u00e9 \u00e0 l&rsquo;exploitation sexuelle des mineurs. En Allemagne, Telegram a \u00e9t\u00e9 condamn\u00e9 \u00e0 une amende de 5 millions de dollars en 2022 pour son incapacit\u00e9 \u00e0 se conformer aux lois locales exigeant la mise en place de syst\u00e8mes de signalement de contenu ill\u00e9gal. Le Br\u00e9sil a \u00e9galement suspendu temporairement Telegram l&rsquo;ann\u00e9e derni\u00e8re pour son refus de fournir des donn\u00e9es sur une enqu\u00eate li\u00e9e \u00e0 une activit\u00e9 n\u00e9o-nazie et \u00e0 des fusillades dans des \u00e9coles.<\/p>\n\n\n\n<p>Malgr\u00e9 ces controverses, Telegram continue de cro\u00eetre, revendiquant plus de 950 millions d&rsquo;utilisateurs actifs dans le monde. L&rsquo;application, fond\u00e9e en 2013 par Durov et son fr\u00e8re Nikolai, est particuli\u00e8rement populaire en France, o\u00f9 elle est utilis\u00e9e par des fonctionnaires du palais pr\u00e9sidentiel ainsi que par des groupes extr\u00e9mistes et des trafiquants de drogue, selon les enqu\u00eateurs fran\u00e7ais.<\/p>\n\n\n\n<p><strong>Durov, un homme controvers\u00e9<\/strong><\/p>\n\n\n\n<figure class=\"wp-block-image size-large is-resized\"><img data-recalc-dims=\"1\" loading=\"lazy\" decoding=\"async\" width=\"640\" height=\"391\" src=\"https:\/\/i0.wp.com\/pamfmstereo.com\/wp-content\/uploads\/2024\/08\/DUROVVV.webp?resize=640%2C391&#038;ssl=1\" alt=\"\" class=\"wp-image-1444\" style=\"width:842px;height:auto\" srcset=\"https:\/\/i0.wp.com\/pamfmstereo.com\/wp-content\/uploads\/2024\/08\/DUROVVV.webp?resize=1024%2C626&amp;ssl=1 1024w, https:\/\/i0.wp.com\/pamfmstereo.com\/wp-content\/uploads\/2024\/08\/DUROVVV.webp?resize=300%2C183&amp;ssl=1 300w, https:\/\/i0.wp.com\/pamfmstereo.com\/wp-content\/uploads\/2024\/08\/DUROVVV.webp?resize=768%2C469&amp;ssl=1 768w, https:\/\/i0.wp.com\/pamfmstereo.com\/wp-content\/uploads\/2024\/08\/DUROVVV.webp?resize=1536%2C939&amp;ssl=1 1536w, https:\/\/i0.wp.com\/pamfmstereo.com\/wp-content\/uploads\/2024\/08\/DUROVVV.webp?resize=2048%2C1252&amp;ssl=1 2048w, https:\/\/i0.wp.com\/pamfmstereo.com\/wp-content\/uploads\/2024\/08\/DUROVVV.webp?w=1280&amp;ssl=1 1280w, https:\/\/i0.wp.com\/pamfmstereo.com\/wp-content\/uploads\/2024\/08\/DUROVVV.webp?w=1920&amp;ssl=1 1920w\" sizes=\"auto, (max-width: 640px) 100vw, 640px\" \/><\/figure>\n\n\n\n<p>N\u00e9 en Russie, Pavel Durov a pass\u00e9 une grande partie de son enfance en Italie avant de devenir citoyen de plusieurs pays, dont la France, la Russie, les \u00c9mirats arabes unis et Saint-Christophe-et-Ni\u00e9v\u00e8s. Avant Telegram, Durov avait fond\u00e9 VKontakte, le plus grand r\u00e9seau social de Russie. Il a quitt\u00e9 la Russie en 2014 apr\u00e8s avoir refus\u00e9 de se conformer aux demandes du gouvernement russe de livrer les donn\u00e9es personnelles d&rsquo;opposants politiques impliqu\u00e9s dans les manifestations de Ma\u00efdan en Ukraine en 2013-2014.<\/p>\n\n\n\n<p>Durov a depuis d\u00e9plac\u00e9 les activit\u00e9s de Telegram \u00e0 Duba\u00ef, o\u00f9 l&rsquo;application continue de prosp\u00e9rer. Cependant, sa d\u00e9tention en France pourrait marquer un tournant dans la r\u00e9gulation des grandes plateformes de messagerie, soulevant des questions sur la responsabilit\u00e9 des dirigeants de ces entreprises face aux abus perp\u00e9tr\u00e9s sur leurs plateformes.<\/p>\n\n\n\n<p>Alors que la d\u00e9tention de Durov se poursuit, la communaut\u00e9 internationale observe de pr\u00e8s, anticipant des d\u00e9cisions judiciaires qui pourraient avoir des implications majeures pour l&rsquo;industrie des technologies et la protection des droits num\u00e9riques.<\/p>\n","protected":false},"excerpt":{"rendered":"<p>Pavel Durov, cofondateur et PDG de la c\u00e9l\u00e8bre application de messagerie Telegram, a \u00e9t\u00e9 arr\u00eat\u00e9<\/p>\n","protected":false},"author":2,"featured_media":1443,"comment_status":"open","ping_status":"open","sticky":false,"template":"","format":"standard","meta":{"advanced_seo_description":"N\u00e9 en Russie, Pavel Durov a pass\u00e9 une grande partie de son enfance en Italie avant de devenir citoyen de plusieurs pays, dont la France, la Russie, les \u00c9mirats arabes unis et Saint-Christophe-et-Ni\u00e9v\u00e8s","jetpack_seo_html_title":"Telegram: Le PDG Pavel Durov face \u00e0 des accusations criminelles, une temp\u00eate judiciaire et politique","jetpack_seo_noindex":false,"jetpack_post_was_ever_published":false,"_jetpack_newsletter_access":"","_jetpack_dont_email_post_to_subs":false,"_jetpack_newsletter_tier_id":0,"_jetpack_memberships_contains_paywalled_content":false,"_jetpack_memberships_contains_paid_content":false,"footnotes":"","jetpack_publicize_message":"","jetpack_publicize_feature_enabled":true,"jetpack_social_post_already_shared":false,"jetpack_social_options":{"image_generator_settings":{"template":"highway","enabled":false},"version":2}},"categories":[59,181,145,173,54],"tags":[2095,2086,2093,730,2092,2091,2087,2085,2090,2083,2088,2089,2084,2094,2025],"class_list":["post-1442","post","type-post","status-publish","format-standard","has-post-thumbnail","hentry","category-divers","category-international","category-nouvelles","category-people-news","category-technologie","tag-arrestation-paris","tag-crimes-numeriques","tag-droits-numeriques","tag-emmanuel-macron","tag-exploitation-des-mineurs","tag-industrie-technologique","tag-justice-francaise","tag-liberte-dexpression","tag-moderation-de-contenu","tag-pavel-durov","tag-plateformes-numeriques","tag-regulation-des-reseaux-sociaux","tag-telegram-arrestation","tag-telegram-controverses","tag-trafic-de-drogue"],"jetpack_publicize_connections":[],"jetpack_featured_media_url":"https:\/\/pamfmstereo.com\/wp-content\/uploads\/2024\/08\/DUROV.avif","jetpack-related-posts":[],"jetpack_shortlink":"https:\/\/wp.me\/pdKP5f-ng","jetpack_sharing_enabled":true,"jetpack_likes_enabled":true,"_links":{"self":[{"href":"https:\/\/pamfmstereo.com\/index.php?rest_route=\/wp\/v2\/posts\/1442","targetHints":{"allow":["GET"]}}],"collection":[{"href":"https:\/\/pamfmstereo.com\/index.php?rest_route=\/wp\/v2\/posts"}],"about":[{"href":"https:\/\/pamfmstereo.com\/index.php?rest_route=\/wp\/v2\/types\/post"}],"author":[{"embeddable":true,"href":"https:\/\/pamfmstereo.com\/index.php?rest_route=\/wp\/v2\/users\/2"}],"replies":[{"embeddable":true,"href":"https:\/\/pamfmstereo.com\/index.php?rest_route=%2Fwp%2Fv2%2Fcomments&post=1442"}],"version-history":[{"count":1,"href":"https:\/\/pamfmstereo.com\/index.php?rest_route=\/wp\/v2\/posts\/1442\/revisions"}],"predecessor-version":[{"id":1446,"href":"https:\/\/pamfmstereo.com\/index.php?rest_route=\/wp\/v2\/posts\/1442\/revisions\/1446"}],"wp:featuredmedia":[{"embeddable":true,"href":"https:\/\/pamfmstereo.com\/index.php?rest_route=\/wp\/v2\/media\/1443"}],"wp:attachment":[{"href":"https:\/\/pamfmstereo.com\/index.php?rest_route=%2Fwp%2Fv2%2Fmedia&parent=1442"}],"wp:term":[{"taxonomy":"category","embeddable":true,"href":"https:\/\/pamfmstereo.com\/index.php?rest_route=%2Fwp%2Fv2%2Fcategories&post=1442"},{"taxonomy":"post_tag","embeddable":true,"href":"https:\/\/pamfmstereo.com\/index.php?rest_route=%2Fwp%2Fv2%2Ftags&post=1442"}],"curies":[{"name":"wp","href":"https:\/\/api.w.org\/{rel}","templated":true}]}}