{"id":1364,"date":"2024-08-16T02:25:33","date_gmt":"2024-08-16T06:25:33","guid":{"rendered":"https:\/\/pamfmstereo.com\/?p=1364"},"modified":"2024-08-16T02:25:37","modified_gmt":"2024-08-16T06:25:37","slug":"la-coree-du-nord-rouvre-partiellement-son-tourisme-apres-pres-de-5-ans","status":"publish","type":"post","link":"https:\/\/pamfmstereo.com\/?p=1364","title":{"rendered":"La Cor\u00e9e du Nord rouvre partiellement son tourisme apr\u00e8s pr\u00e8s de 5 ans"},"content":{"rendered":"\n<p>Le Royaume ermite, qui avait ferm\u00e9 ses fronti\u00e8res au d\u00e9but de la pand\u00e9mie de COVID-19, interdisant l&rsquo;entr\u00e9e \u00e0 presque tous les \u00e9trangers, va partiellement reprendre le tourisme international cette ann\u00e9e, selon des op\u00e9rateurs touristiques.<\/p>\n\n\n\n<p>L&rsquo;agence de voyages bas\u00e9e \u00e0 P\u00e9kin, Koryo Tours, sp\u00e9cialis\u00e9e dans le tourisme en Cor\u00e9e du Nord, a annonc\u00e9 jeudi que le tourisme vers la R\u00e9publique populaire d\u00e9mocratique de Cor\u00e9e reprendrait en d\u00e9cembre de cette ann\u00e9e.<\/p>\n\n\n\n<figure class=\"wp-block-image size-full is-resized\"><img data-recalc-dims=\"1\" loading=\"lazy\" decoding=\"async\" width=\"640\" height=\"427\" src=\"https:\/\/i0.wp.com\/pamfmstereo.com\/wp-content\/uploads\/2024\/08\/korr.webp?resize=640%2C427&#038;ssl=1\" alt=\"\" class=\"wp-image-1368\" style=\"width:841px;height:auto\" srcset=\"https:\/\/i0.wp.com\/pamfmstereo.com\/wp-content\/uploads\/2024\/08\/korr.webp?w=1024&amp;ssl=1 1024w, https:\/\/i0.wp.com\/pamfmstereo.com\/wp-content\/uploads\/2024\/08\/korr.webp?resize=300%2C200&amp;ssl=1 300w, https:\/\/i0.wp.com\/pamfmstereo.com\/wp-content\/uploads\/2024\/08\/korr.webp?resize=768%2C512&amp;ssl=1 768w\" sizes=\"auto, (max-width: 640px) 100vw, 640px\" \/><\/figure>\n\n\n\n<p>Les visites seront dans un premier temps organis\u00e9es uniquement pour la ville nord-cor\u00e9enne de Samjiyon, mais cette r\u00e9ouverture pourrait \u00eatre \u00e9tendue \u00e0 d&rsquo;autres destinations, a pr\u00e9cis\u00e9 Koryo Tours. \u00ab\u00a0Apr\u00e8s avoir attendu plus de 4 ans pour faire cette annonce, Koryo Tours est tr\u00e8s enthousiaste \u00e0 l&rsquo;id\u00e9e de rouvrir \u00e0 nouveau le tourisme en Cor\u00e9e du Nord\u00a0\u00bb, a d\u00e9clar\u00e9 l&rsquo;agence dans un communiqu\u00e9 de presse.<\/p>\n\n\n\n<p>L&rsquo;agence a expliqu\u00e9 que Samjiyon avait \u00e9t\u00e9 choisie parce qu&rsquo;elle avait r\u00e9cemment \u00e9t\u00e9 d\u00e9velopp\u00e9e comme destination touristique. L&rsquo;agence s&rsquo;y \u00e9tait d\u00e9j\u00e0 rendue en 2018 lors du tournage de la s\u00e9rie documentaire britannique <em>Michael Palin en Cor\u00e9e du Nord<\/em>.<\/p>\n\n\n\n<figure class=\"wp-block-image size-large is-resized\"><img data-recalc-dims=\"1\" loading=\"lazy\" decoding=\"async\" width=\"640\" height=\"480\" src=\"https:\/\/i0.wp.com\/pamfmstereo.com\/wp-content\/uploads\/2024\/08\/corr.jpg?resize=640%2C480&#038;ssl=1\" alt=\"\" class=\"wp-image-1367\" style=\"width:842px;height:auto\" srcset=\"https:\/\/i0.wp.com\/pamfmstereo.com\/wp-content\/uploads\/2024\/08\/corr.jpg?resize=1024%2C768&amp;ssl=1 1024w, https:\/\/i0.wp.com\/pamfmstereo.com\/wp-content\/uploads\/2024\/08\/corr.jpg?resize=300%2C225&amp;ssl=1 300w, https:\/\/i0.wp.com\/pamfmstereo.com\/wp-content\/uploads\/2024\/08\/corr.jpg?resize=768%2C576&amp;ssl=1 768w, https:\/\/i0.wp.com\/pamfmstereo.com\/wp-content\/uploads\/2024\/08\/corr.jpg?w=1280&amp;ssl=1 1280w\" sizes=\"auto, (max-width: 640px) 100vw, 640px\" \/><\/figure>\n\n\n\n<p>Koryo Tours a \u00e9galement indiqu\u00e9 que ses partenaires nord-cor\u00e9ens avaient inform\u00e9 l&rsquo;agence que les itin\u00e9raires et les dates seraient annonc\u00e9s dans les prochaines semaines.<\/p>\n\n\n\n<p>\u00ab\u00a0Une fois que nous aurons finalis\u00e9 les dates et les itin\u00e9raires, ils seront disponibles pour r\u00e9servation sur notre site web\u00a0\u00bb, a pr\u00e9cis\u00e9 l&rsquo;entreprise.<\/p>\n\n\n\n<p>La Cor\u00e9e du Nord avait ferm\u00e9 ses fronti\u00e8res au d\u00e9but de la pand\u00e9mie de COVID-19, interdisant l&rsquo;acc\u00e8s au pays pour les affaires, les voyages ou les relations diplomatiques non vitales. Ce n&rsquo;est que l&rsquo;ann\u00e9e derni\u00e8re que le pays a commenc\u00e9 \u00e0 rouvrir partiellement ses fronti\u00e8res. Depuis la pand\u00e9mie, le r\u00e9gime a eu du mal \u00e0 s&rsquo;ouvrir compl\u00e8tement en raison d&rsquo;un manque de ressources et d&rsquo;infrastructures n\u00e9cessaires pour lutter efficacement contre l&rsquo;\u00e9pid\u00e9mie \u00e0 l&rsquo;int\u00e9rieur de ses fronti\u00e8res.<\/p>\n","protected":false},"excerpt":{"rendered":"<p>Le Royaume ermite, qui avait ferm\u00e9 ses fronti\u00e8res au d\u00e9but de la pand\u00e9mie de COVID-19,<\/p>\n","protected":false},"author":2,"featured_media":1365,"comment_status":"open","ping_status":"open","sticky":false,"template":"","format":"standard","meta":{"advanced_seo_description":"La Cor\u00e9e du Nord avait ferm\u00e9 ses fronti\u00e8res au d\u00e9but de la pand\u00e9mie de COVID-19, interdisant l'acc\u00e8s au pays pour les affaires, les voyages ou les relations diplomatiques non vitales","jetpack_seo_html_title":"La Cor\u00e9e du Nord rouvre partiellement son tourisme apr\u00e8s pr\u00e8s de 5 ans","jetpack_seo_noindex":false,"jetpack_post_was_ever_published":false,"_jetpack_newsletter_access":"","_jetpack_dont_email_post_to_subs":false,"_jetpack_newsletter_tier_id":0,"_jetpack_memberships_contains_paywalled_content":false,"_jetpack_memberships_contains_paid_content":false,"footnotes":"","jetpack_publicize_message":"","jetpack_publicize_feature_enabled":true,"jetpack_social_post_already_shared":false,"jetpack_social_options":{"image_generator_settings":{"template":"highway","enabled":false},"version":2}},"categories":[59,181,145],"tags":[1906,1911,1903,1904,1908,1902,1907,1909,1910,1912,1905],"class_list":["post-1364","post","type-post","status-publish","format-standard","has-post-thumbnail","hentry","category-divers","category-international","category-nouvelles","tag-asie","tag-koryotours","tag-pandemiecovid19","tag-reouverturedesfrontieres","tag-royaumeermite","tag-samjiyon","tag-tourismecoreedunord","tag-tourismeinternational","tag-voyager2024","tag-voyages","tag-coreedunord"],"jetpack_publicize_connections":[],"jetpack_featured_media_url":"https:\/\/i0.wp.com\/pamfmstereo.com\/wp-content\/uploads\/2024\/08\/81239ba6-b776-45a3-9ba3-e37987ef2f2f_alta-libre-aspect-ratio_default_0.jpg?fit=1200%2C799&ssl=1","jetpack-related-posts":[],"jetpack_shortlink":"https:\/\/wp.me\/pdKP5f-m0","jetpack_sharing_enabled":true,"jetpack_likes_enabled":true,"_links":{"self":[{"href":"https:\/\/pamfmstereo.com\/index.php?rest_route=\/wp\/v2\/posts\/1364","targetHints":{"allow":["GET"]}}],"collection":[{"href":"https:\/\/pamfmstereo.com\/index.php?rest_route=\/wp\/v2\/posts"}],"about":[{"href":"https:\/\/pamfmstereo.com\/index.php?rest_route=\/wp\/v2\/types\/post"}],"author":[{"embeddable":true,"href":"https:\/\/pamfmstereo.com\/index.php?rest_route=\/wp\/v2\/users\/2"}],"replies":[{"embeddable":true,"href":"https:\/\/pamfmstereo.com\/index.php?rest_route=%2Fwp%2Fv2%2Fcomments&post=1364"}],"version-history":[{"count":1,"href":"https:\/\/pamfmstereo.com\/index.php?rest_route=\/wp\/v2\/posts\/1364\/revisions"}],"predecessor-version":[{"id":1369,"href":"https:\/\/pamfmstereo.com\/index.php?rest_route=\/wp\/v2\/posts\/1364\/revisions\/1369"}],"wp:featuredmedia":[{"embeddable":true,"href":"https:\/\/pamfmstereo.com\/index.php?rest_route=\/wp\/v2\/media\/1365"}],"wp:attachment":[{"href":"https:\/\/pamfmstereo.com\/index.php?rest_route=%2Fwp%2Fv2%2Fmedia&parent=1364"}],"wp:term":[{"taxonomy":"category","embeddable":true,"href":"https:\/\/pamfmstereo.com\/index.php?rest_route=%2Fwp%2Fv2%2Fcategories&post=1364"},{"taxonomy":"post_tag","embeddable":true,"href":"https:\/\/pamfmstereo.com\/index.php?rest_route=%2Fwp%2Fv2%2Ftags&post=1364"}],"curies":[{"name":"wp","href":"https:\/\/api.w.org\/{rel}","templated":true}]}}