{"id":1318,"date":"2024-08-13T09:00:49","date_gmt":"2024-08-13T13:00:49","guid":{"rendered":"https:\/\/pamfmstereo.com\/?p=1318"},"modified":"2024-08-13T09:02:19","modified_gmt":"2024-08-13T13:02:19","slug":"lombre-de-la-trahison-le-mexique-envisage-des-accusations-de-haute-trahison-apres-lextradition-du-baron-de-la-drogue","status":"publish","type":"post","link":"https:\/\/pamfmstereo.com\/?p=1318","title":{"rendered":"\u00ab\u00a0L&rsquo;Ombre de la Trahison : Le Mexique Envisage des Accusations de Haute Trahison Apr\u00e8s l&rsquo;Extradition du Bar\u00f3n de la Drogue\u00a0\u00bb"},"content":{"rendered":"\n<p>Le Mexique est secou\u00e9 par une affaire in\u00e9dite et complexe qui brouille la fronti\u00e8re entre justice et diplomatie. Alors que les \u00c9tats-Unis ont r\u00e9ussi \u00e0 capturer l&rsquo;un des criminels les plus recherch\u00e9s de la plan\u00e8te, Ismael \u00ab\u00a0El Mayo\u00a0\u00bb Zambada, chef redout\u00e9 du cartel de Sinaloa, une nouvelle temp\u00eate judiciaire se profile. Les procureurs mexicains, avec l&rsquo;appui du pr\u00e9sident Andr\u00e9s Manuel L\u00f3pez Obrador, envisagent de porter des accusations de haute trahison contre ceux qui ont orchestr\u00e9 son extradition.<\/p>\n\n\n\n<p>Tout commence en juillet, lorsque Zambada, \u00e0 la surprise g\u00e9n\u00e9rale, d\u00e9barque sur le sol am\u00e9ricain \u00e0 bord d&rsquo;un avion priv\u00e9 qui atterrit pr\u00e8s d&rsquo;El Paso, au Texas. Ce vol, qui ressemble \u00e0 une sc\u00e8ne tir\u00e9e d&rsquo;un film, aurait \u00e9t\u00e9 orchestr\u00e9 par Joaqu\u00edn Guzm\u00e1n L\u00f3pez, le fils de l&rsquo;ancien baron de la drogue Joaqu\u00edn \u00ab\u00a0El Chapo\u00a0\u00bb Guzm\u00e1n. Ce dernier, dans une tournure inattendue, aurait d\u00e9cid\u00e9 de se rendre aux autorit\u00e9s am\u00e9ricaines, mais pas avant d&rsquo;avoir enlev\u00e9 Zambada et de l&rsquo;avoir forc\u00e9 \u00e0 embarquer avec lui.<\/p>\n\n\n\n<p>Cependant, au lieu de saluer cette capture majeure qui pourrait potentiellement freiner le r\u00e8gne de terreur du cartel de Sinaloa, les autorit\u00e9s mexicaines ont r\u00e9agi avec une fermet\u00e9 surprenante. Le Bureau du Procureur G\u00e9n\u00e9ral du Mexique a rapidement ouvert une enqu\u00eate criminelle pour des crimes tels que \u00ab\u00a0fuite ill\u00e9gale, utilisation illicite d&rsquo;a\u00e9roports, violations des lois sur l&rsquo;immigration et les douanes, enl\u00e8vement, trahison, et tout autre crime applicable.\u00a0\u00bb<\/p>\n\n\n\n<p>Ce qui intrigue, c&rsquo;est que ces accusations reposent sur une clause sp\u00e9cifique du code p\u00e9nal mexicain, qui stipule que la trahison peut \u00eatre commise par ceux qui \u00ab\u00a0enl\u00e8vent ill\u00e9galement une personne au Mexique afin de la livrer aux autorit\u00e9s d&rsquo;un autre pays.\u00a0\u00bb Une clause apparemment inspir\u00e9e par un incident similaire en 1990, lorsque le m\u00e9decin mexicain Humberto Macha\u00edn avait \u00e9t\u00e9 enlev\u00e9 pour \u00eatre remis aux autorit\u00e9s am\u00e9ricaines, ce qui avait provoqu\u00e9 une vive r\u00e9action de la part du gouvernement mexicain.<\/p>\n\n\n\n<p>Pour le pr\u00e9sident L\u00f3pez Obrador, cette affaire va au-del\u00e0 du simple cadre judiciaire. Connu pour sa m\u00e9fiance \u00e0 l&rsquo;\u00e9gard de toute intervention \u00e9trang\u00e8re, il a exprim\u00e9 ses doutes quant \u00e0 la politique am\u00e9ricaine de d\u00e9tention des chefs de cartels, allant jusqu&rsquo;\u00e0 sugg\u00e9rer que cette affaire pourrait \u00eatre un complot pour ternir l&rsquo;image de son gouvernement en le liant aux barons de la drogue.<\/p>\n\n\n\n<p>Dans une lettre rendue publique par l&rsquo;avocat de Zambada, le chef du cartel raconte avoir \u00e9t\u00e9 pi\u00e9g\u00e9. Il affirme avoir \u00e9t\u00e9 invit\u00e9 \u00e0 une r\u00e9union le 25 juillet avec des politiciens locaux, dont le gouverneur de l&rsquo;\u00c9tat de Sinaloa, Rub\u00e9n Rocha Moya. Mais au lieu de cela, il aurait \u00e9t\u00e9 conduit dans une pi\u00e8ce, assomm\u00e9, cagoul\u00e9, menott\u00e9, puis emmen\u00e9 de force \u00e0 une piste d&rsquo;atterrissage o\u00f9 il fut embarqu\u00e9 dans un avion \u00e0 destination des \u00c9tats-Unis.<\/p>\n\n\n\n<p><strong>La carta difundida:&nbsp;<\/strong><\/p>\n\n\n\n<p><strong>DECLARACI\u00d3N DE ISMAEL ZAMBADA GARC\u00cdA<\/strong><\/p>\n\n\n\n<p>\u00a0 \u00a0 \u00a0 \u00a0 \u00a0 \u00a0 \u00a0 \u00a0 \u00a0 \u00a0 \u00a0 \u00a0 \u00a0 \u00a0 <em>Desde que me trajeron en avi\u00f3n a los Estados Unidos desde M\u00e9xico el 25 de julio de 2024, ha habido muchos informes inexactos en los medios de comunicaci\u00f3n de ambos pa\u00edses. En esta declaraci\u00f3n proporcionar\u00e9 los hechos verdaderos de lo que sucedi\u00f3 ese d\u00eda. Deseo decir desde el principio que no me entregu\u00e9 y que no vine voluntariamente a Estados Unidos. Tampoco ten\u00eda ning\u00fan acuerdo con ninguno de los dos gobiernos. Al contrario, fui secuestrado y tra\u00eddo a Estados Unidos por la fuerza y contra mi voluntad. A continuaci\u00f3n se detalla c\u00f3mo ocurri\u00f3.<\/em><\/p>\n\n\n\n<p>\u00a0 \u00a0 \u00a0 \u00a0 \u00a0 \u00a0 \u00a0 \u00a0 \u00a0 \u00a0 \u00a0 \u00a0 \u00a0 <em>Joaqu\u00edn Guzm\u00e1n L\u00f3pez me pidi\u00f3 que asistiera a una reuni\u00f3n para ayudar a resolver las diferencias entre los l\u00edderes pol\u00edticos de nuestro estado. Estaba enterado de una disputa en curso entre Rub\u00e9n Rocha Moya, Gobernador de Sinaloa, y H\u00e9ctor Melesio Cuen Ojeda, ex diputado federal, alcalde de Culiac\u00e1n y rector de la Universidad Aut\u00f3noma de Sinaloa (UAS), sobre qui\u00e9n deber\u00eda dirigir esa instituci\u00f3n. Me informaron que adem\u00e1s de H\u00e9ctor Cuen y el gobernador Rocha Moya, tambi\u00e9n estar\u00eda presente en la reuni\u00f3n Iv\u00e1n Guzm\u00e1n Salazar.<\/em><\/p>\n\n\n\n<p>\u00a0 \u00a0 \u00a0 \u00a0 \u00a0 \u00a0 \u00a0 \u00a0 \u00a0 \u00a0 \u00a0 <em>El 25 de julio, fui al rancho y centro de eventos llamado Huertos del Pedregal, en las afueras de Culiac\u00e1n, donde iba a tener lugar la reuni\u00f3n. La reuni\u00f3n estaba programada para las 11:00 a.m. y llegu\u00e9 un poco antes. Vi a un gran n\u00famero de hombres armados con uniformes militares verdes que supuse que eran pistoleros de Joaqu\u00edn Guzm\u00e1n y sus hermanos. Me acompa\u00f1aban cuatro miembros del personal de seguridad, de los cuales dos se quedaron fuera del per\u00edmetro. Los dos que entraron conmigo eran Jos\u00e9 Rosario Heras L\u00f3pez, comandante de la Polic\u00eda Judicial del Estado de Sinaloa, y Rodolfo Chaidez, miembro de mi equipo de seguridad desde hac\u00eda mucho tiempo.<\/em><\/p>\n\n\n\n<p>\u00a0 \u00a0 \u00a0 \u00a0 \u00a0 \u00a0 \u00a0 \u00a0 \u00a0 \u00a0 <em>Mientras caminaba hacia la zona de reuniones, vi a H\u00e9ctor Cuen y a uno de sus ayudantes. Les salud\u00e9 brevemente antes de entrar en una sala en la que hab\u00eda una mesa llena de fruta. Vi a Joaqu\u00edn Guzm\u00e1n L\u00f3pez, a quien conozco desde que era un ni\u00f1o, y me hizo un gesto para que le siguiera. Confiando en la naturaleza de la reuni\u00f3n y en las personas implicadas, le segu\u00ed sin dudarlo. Me condujeron a otra sala que estaba a oscuras.<\/em><\/p>\n\n\n\n<p>\u00a0 \u00a0 \u00a0 \u00a0 \u00a0 \u00a0 \u00a0 \u00a0 \u00a0<em> En cuanto puse un pie dentro de aquella habitaci\u00f3n, me tendieron una emboscada. Un grupo de hombres me asalt\u00f3, me tir\u00f3 al suelo y me coloc\u00f3 una capucha de color oscuro en la cabeza. Me ataron y esposaron, y luego me obligaron a meterme en la caja de una camioneta. Durante todo este calvario, me sometieron a malos tratos f\u00edsicos, que me causaron lesiones importantes en la espalda, la rodilla y las mu\u00f1ecas. Despu\u00e9s me llevaron a una pista de aterrizaje a unos 20 o 25 minutos de distancia, donde me obligaron a subir a un avi\u00f3n privado. Joaqu\u00edn me quit\u00f3 la capucha de la cabeza y me at\u00f3 con bridas al asiento. En el avi\u00f3n no hab\u00eda nadie m\u00e1s que Joaqu\u00edn, el piloto y yo.<\/em><\/p>\n\n\n\n<p>\u00a0 \u00a0 \u00a0 \u00a0 \u00a0 \u00a0 \u00a0 \u00a0 \u00a0 \u00a0 \u00a0 <em>El vuelo dur\u00f3 entre 2 \u00bd y 3 horas, sin escalas, hasta que llegamos a El Paso, Texas. Fue all\u00ed, en la pista, donde los agentes federales estadounidenses me detuvieron. La idea de que me entregu\u00e9 o cooper\u00e9 voluntariamente es completa e inequ\u00edvocamente falsa. Me trajeron a este pa\u00eds por la fuerza y bajo coacci\u00f3n, sin mi consentimiento y contra mi voluntad.<\/em><\/p>\n\n\n\n<p>\u00a0 \u00a0 \u00a0 \u00a0 \u00a0 \u00a0 \u00a0 \u00a0 \u00a0 \u00a0<em> S\u00e9 que la versi\u00f3n oficial que dan las autoridades del estado de Sinaloa es que H\u00e9ctor Cuen fue tiroteado la noche del 25 de julio en una gasolinera por dos hombres en motocicleta que quer\u00edan robar su camioneta. Eso no es lo que ocurri\u00f3. Lo mataron a la misma hora y en el mismo lugar donde me secuestraron. H\u00e9ctor Cuen era amigo m\u00edo desde hac\u00eda mucho tiempo, y lamento profundamente su muerte, as\u00ed como la desaparici\u00f3n de Jos\u00e9 Rosario Heras L\u00f3pez y Rodolfo Chaidez, a quienes nadie ha vuelto a ver ni a saber de ellos.<\/em><\/p>\n\n\n\n<p>\u00a0 \u00a0 \u00a0 \u00a0 \u00a0 \u00a0 \u00a0 \u00a0 \u00a0<em>Creo que es importante que se sepa la verdad. Esto es lo que ocurri\u00f3 y no las historias falsas que est\u00e1n circulando. Hago un llamado a los gobiernos de M\u00e9xico y Estados Unidos para que sean transparentes y proporcionen la verdad sobre mi secuestro en Estados Unidos y sobre las muertes de H\u00e9ctor Cuen, Rosario Heras, Rodolfo Chaidez y cualquier otra persona que haya perdido la vida ese d\u00eda.<\/em><\/p>\n\n\n\n<p>\u00a0 \u00a0 \u00a0 \u00a0 \u00a0 \u00a0 \u00a0 <em>Tambi\u00e9n hago un llamado a los sinaloenses a la mesura y a mantener la paz en nuestro estado. Nada se resuelve con violencia. Ya hemos recorrido ese camino y todos perdemos.\u00a0<\/em><\/p>\n\n\n\n<p><em>-Ismael Mayo Zambada<\/em><\/p>\n\n\n\n<p><strong><em>D\u00c9CLARATION D&rsquo;ISMAEL ZAMBADA GARC\u00cdA<\/em><\/strong><\/p>\n\n\n\n<p><em>Depuis mon transfert par avion aux \u00c9tats-Unis depuis le Mexique le 25 juillet 2024, de nombreux rapports inexacts ont circul\u00e9 dans les m\u00e9dias des deux pays. Dans cette d\u00e9claration, je fournirai les faits v\u00e9ritables sur ce qui s&rsquo;est pass\u00e9 ce jour-l\u00e0. Je tiens \u00e0 pr\u00e9ciser d\u00e8s le d\u00e9but que je ne me suis pas rendu et que je n&rsquo;ai pas volontairement voyag\u00e9 aux \u00c9tats-Unis. Je n&rsquo;avais \u00e9galement aucun accord avec l&rsquo;un ou l&rsquo;autre des gouvernements. Au contraire, j&rsquo;ai \u00e9t\u00e9 enlev\u00e9 et emmen\u00e9 de force aux \u00c9tats-Unis, contre ma volont\u00e9. Voici les d\u00e9tails de ce qui s&rsquo;est r\u00e9ellement produit.<\/em><\/p>\n\n\n\n<p><em>Joaqu\u00edn Guzm\u00e1n L\u00f3pez m&rsquo;a demand\u00e9 d&rsquo;assister \u00e0 une r\u00e9union pour aider \u00e0 r\u00e9soudre les diff\u00e9rends entre les dirigeants politiques de notre \u00c9tat. J&rsquo;\u00e9tais au courant d&rsquo;un conflit en cours entre Rub\u00e9n Rocha Moya, Gouverneur de Sinaloa, et H\u00e9ctor Melesio Cuen Ojeda, ancien d\u00e9put\u00e9 f\u00e9d\u00e9ral, maire de Culiac\u00e1n et recteur de l&rsquo;Universit\u00e9 autonome de Sinaloa (UAS), sur la question de savoir qui devait diriger cette institution. On m&rsquo;avait inform\u00e9 qu&rsquo;en plus de H\u00e9ctor Cuen et du gouverneur Rocha Moya, Iv\u00e1n Guzm\u00e1n Salazar serait \u00e9galement pr\u00e9sent \u00e0 la r\u00e9union.<\/em><\/p>\n\n\n\n<p><em>Le 25 juillet, je me suis rendu au ranch et centre de conf\u00e9rences appel\u00e9 Huertos del Pedregal, en p\u00e9riph\u00e9rie de Culiac\u00e1n, o\u00f9 la r\u00e9union devait avoir lieu. La r\u00e9union \u00e9tait pr\u00e9vue pour 11h00 et je suis arriv\u00e9 un peu avant. J&rsquo;ai vu un grand nombre d&rsquo;hommes arm\u00e9s portant des uniformes militaires verts que j&rsquo;ai suppos\u00e9 \u00eatre des hommes de main de Joaqu\u00edn Guzm\u00e1n et de ses fr\u00e8res. J&rsquo;\u00e9tais accompagn\u00e9 de quatre membres de mon \u00e9quipe de s\u00e9curit\u00e9, dont deux sont rest\u00e9s \u00e0 l&rsquo;ext\u00e9rieur du p\u00e9rim\u00e8tre. Les deux autres qui sont entr\u00e9s avec moi \u00e9taient Jos\u00e9 Rosario Heras L\u00f3pez, commandant de la Police Judiciaire de l&rsquo;\u00c9tat de Sinaloa, et Rodolfo Chaidez, membre de longue date de mon \u00e9quipe de s\u00e9curit\u00e9.<\/em><\/p>\n\n\n\n<p><em>En avan\u00e7ant vers la zone de r\u00e9union, j&rsquo;ai aper\u00e7u H\u00e9ctor Cuen et l&rsquo;un de ses assistants. Je les ai bri\u00e8vement salu\u00e9s avant d&rsquo;entrer dans une salle o\u00f9 une table remplie de fruits \u00e9tait dress\u00e9e. J&rsquo;ai vu Joaqu\u00edn Guzm\u00e1n L\u00f3pez, que je connais depuis son enfance, et il m&rsquo;a fait signe de le suivre. Confiant dans la nature de la r\u00e9union et dans les personnes impliqu\u00e9es, je l&rsquo;ai suivi sans h\u00e9siter. Ils m&rsquo;ont conduit dans une autre salle qui \u00e9tait plong\u00e9e dans l&rsquo;obscurit\u00e9.<\/em><\/p>\n\n\n\n<p><em>D\u00e8s que j&rsquo;ai mis le pied dans cette pi\u00e8ce, une embuscade m&rsquo;a \u00e9t\u00e9 tendue. Un groupe d&rsquo;hommes m&rsquo;a attaqu\u00e9, m&rsquo;a plaqu\u00e9 au sol et m&rsquo;a plac\u00e9 une cagoule de couleur sombre sur la t\u00eate. Ils m&rsquo;ont ligot\u00e9 et menott\u00e9, puis m&rsquo;ont forc\u00e9 \u00e0 monter dans la benne d&rsquo;une camionnette. Pendant toute cette \u00e9preuve, j&rsquo;ai \u00e9t\u00e9 soumis \u00e0 des mauvais traitements physiques qui m&rsquo;ont caus\u00e9 des blessures importantes au dos, au genou et aux poignets. Ensuite, ils m&rsquo;ont emmen\u00e9 sur une piste d&rsquo;atterrissage situ\u00e9e \u00e0 environ 20 ou 25 minutes de l\u00e0, o\u00f9 ils m&rsquo;ont forc\u00e9 \u00e0 monter dans un avion priv\u00e9. Joaqu\u00edn m&rsquo;a retir\u00e9 la cagoule et m&rsquo;a attach\u00e9 au si\u00e8ge avec des colliers de serrage. Dans l&rsquo;avion, il n&rsquo;y avait que Joaqu\u00edn, le pilote et moi-m\u00eame.<\/em><\/p>\n\n\n\n<p><em>Le vol a dur\u00e9 entre 2h30 et 3 heures, sans escale, jusqu&rsquo;\u00e0 notre arriv\u00e9e \u00e0 El Paso, au Texas. C&rsquo;est l\u00e0, sur la piste, que les agents f\u00e9d\u00e9raux am\u00e9ricains m&rsquo;ont arr\u00eat\u00e9. L&rsquo;id\u00e9e que je me sois rendu ou que j&rsquo;aie coop\u00e9r\u00e9 volontairement est compl\u00e8tement et ind\u00e9niablement fausse. J&rsquo;ai \u00e9t\u00e9 amen\u00e9 dans ce pays par la force, sous contrainte, sans mon consentement et contre ma volont\u00e9.<\/em><\/p>\n\n\n\n<p><em>Je sais que la version officielle donn\u00e9e par les autorit\u00e9s de l&rsquo;\u00c9tat de Sinaloa affirme que H\u00e9ctor Cuen a \u00e9t\u00e9 abattu dans la nuit du 25 juillet dans une station-service par deux hommes \u00e0 moto qui voulaient voler son v\u00e9hicule. Ce n&rsquo;est pas ce qui s&rsquo;est pass\u00e9. Il a \u00e9t\u00e9 tu\u00e9 \u00e0 la m\u00eame heure et au m\u00eame endroit o\u00f9 j&rsquo;ai \u00e9t\u00e9 enlev\u00e9. H\u00e9ctor Cuen \u00e9tait un ami de longue date, et je regrette profond\u00e9ment sa mort, ainsi que la disparition de Jos\u00e9 Rosario Heras L\u00f3pez et de Rodolfo Chaidez, dont personne n&rsquo;a plus eu de nouvelles depuis.<\/em><\/p>\n\n\n\n<p><em>Je pense qu&rsquo;il est important que la v\u00e9rit\u00e9 soit connue. Voici ce qui s&rsquo;est r\u00e9ellement pass\u00e9, et non les histoires fausses qui circulent. Je demande aux gouvernements du Mexique et des \u00c9tats-Unis de faire preuve de transparence et de r\u00e9v\u00e9ler la v\u00e9rit\u00e9 sur mon enl\u00e8vement aux \u00c9tats-Unis ainsi que sur les d\u00e9c\u00e8s de H\u00e9ctor Cuen, Rosario Heras, Rodolfo Chaidez et toute autre personne qui aurait perdu la vie ce jour-l\u00e0.<\/em><\/p>\n\n\n\n<p><em>Je fais \u00e9galement appel aux habitants de Sinaloa pour qu&rsquo;ils fassent preuve de mod\u00e9ration et qu&rsquo;ils pr\u00e9servent la paix dans notre \u00c9tat. La violence ne r\u00e9sout rien. Nous avons d\u00e9j\u00e0 emprunt\u00e9 ce chemin, et nous en sortons tous perdants.<\/em><\/p>\n\n\n\n<p><em>&#8211; Ismael Mayo Zambada<\/em><\/p>\n\n\n\n<p>Cette lettre soul\u00e8ve de nombreuses questions sur les liens pr\u00e9sum\u00e9s entre certains politiciens et les trafiquants de drogue, notamment dans l&rsquo;\u00c9tat de Sinaloa, fief du cartel du m\u00eame nom. Le gouverneur Moya, membre du parti au pouvoir Morena, a ni\u00e9 toute implication, affirmant qu&rsquo;il ne se trouvait pas \u00e0 Sinaloa ce jour-l\u00e0, mais \u00e0 Los Angeles.<\/p>\n\n\n\n<p>Alors que l&rsquo;enqu\u00eate s&rsquo;intensifie, les yeux du monde sont riv\u00e9s sur ce dossier qui pourrait non seulement bouleverser la lutte contre les cartels, mais aussi les relations diplomatiques entre le Mexique et les \u00c9tats-Unis.<\/p>\n","protected":false},"excerpt":{"rendered":"<p>Le Mexique est secou\u00e9 par une affaire in\u00e9dite et complexe qui brouille la fronti\u00e8re entre<\/p>\n","protected":false},"author":2,"featured_media":1221,"comment_status":"open","ping_status":"open","sticky":false,"template":"","format":"standard","meta":{"advanced_seo_description":"Dans une lettre rendue publique par l'avocat de Zambada, le chef du cartel raconte avoir \u00e9t\u00e9 pi\u00e9g\u00e9.","jetpack_seo_html_title":"\"L'Ombre de la Trahison : Le Mexique Envisage des Accusations de Haute Trahison Apr\u00e8s l'Extradition du Bar\u00f3n de la Drogue\"","jetpack_seo_noindex":false,"jetpack_post_was_ever_published":false,"_jetpack_newsletter_access":"","_jetpack_dont_email_post_to_subs":false,"_jetpack_newsletter_tier_id":0,"_jetpack_memberships_contains_paywalled_content":false,"_jetpack_memberships_contains_paid_content":false,"footnotes":"","jetpack_publicize_message":"","jetpack_publicize_feature_enabled":true,"jetpack_social_post_already_shared":false,"jetpack_social_options":{"image_generator_settings":{"template":"highway","enabled":false},"version":2}},"categories":[59,181,145,11],"tags":[1743,1737,1736,1738,1739,1740,1742,1741,129,799,1746,1745,15,1744,1340,28],"class_list":["post-1318","post","type-post","status-publish","format-standard","has-post-thumbnail","hentry","category-divers","category-international","category-nouvelles","category-politique","tag-affaire-internationale","tag-andres-manuel-lopez-obrador","tag-cartel-de-sinaloa","tag-criminels","tag-el-mayo","tag-extradition","tag-ismael-zambada","tag-joaquin-guzman-lopez","tag-justice","tag-mexique-2","tag-politique-mexicaine","tag-relation-usa-mexique","tag-reseaux-sociaux","tag-ruben-rocha-moya","tag-trahison","tag-usa"],"jetpack_publicize_connections":[],"jetpack_featured_media_url":"https:\/\/i0.wp.com\/pamfmstereo.com\/wp-content\/uploads\/2024\/07\/el-mayor.jpg?fit=768%2C476&ssl=1","jetpack-related-posts":[],"jetpack_shortlink":"https:\/\/wp.me\/pdKP5f-lg","jetpack_sharing_enabled":true,"jetpack_likes_enabled":true,"_links":{"self":[{"href":"https:\/\/pamfmstereo.com\/index.php?rest_route=\/wp\/v2\/posts\/1318","targetHints":{"allow":["GET"]}}],"collection":[{"href":"https:\/\/pamfmstereo.com\/index.php?rest_route=\/wp\/v2\/posts"}],"about":[{"href":"https:\/\/pamfmstereo.com\/index.php?rest_route=\/wp\/v2\/types\/post"}],"author":[{"embeddable":true,"href":"https:\/\/pamfmstereo.com\/index.php?rest_route=\/wp\/v2\/users\/2"}],"replies":[{"embeddable":true,"href":"https:\/\/pamfmstereo.com\/index.php?rest_route=%2Fwp%2Fv2%2Fcomments&post=1318"}],"version-history":[{"count":1,"href":"https:\/\/pamfmstereo.com\/index.php?rest_route=\/wp\/v2\/posts\/1318\/revisions"}],"predecessor-version":[{"id":1319,"href":"https:\/\/pamfmstereo.com\/index.php?rest_route=\/wp\/v2\/posts\/1318\/revisions\/1319"}],"wp:featuredmedia":[{"embeddable":true,"href":"https:\/\/pamfmstereo.com\/index.php?rest_route=\/wp\/v2\/media\/1221"}],"wp:attachment":[{"href":"https:\/\/pamfmstereo.com\/index.php?rest_route=%2Fwp%2Fv2%2Fmedia&parent=1318"}],"wp:term":[{"taxonomy":"category","embeddable":true,"href":"https:\/\/pamfmstereo.com\/index.php?rest_route=%2Fwp%2Fv2%2Fcategories&post=1318"},{"taxonomy":"post_tag","embeddable":true,"href":"https:\/\/pamfmstereo.com\/index.php?rest_route=%2Fwp%2Fv2%2Ftags&post=1318"}],"curies":[{"name":"wp","href":"https:\/\/api.w.org\/{rel}","templated":true}]}}