{"id":1255,"date":"2024-07-29T11:14:14","date_gmt":"2024-07-29T15:14:14","guid":{"rendered":"https:\/\/pamfmstereo.com\/?p=1255"},"modified":"2024-07-29T11:55:20","modified_gmt":"2024-07-29T15:55:20","slug":"la-turquie-menace-denvahir-israel-une-escalade-de-la-rhetorique-hostile","status":"publish","type":"post","link":"https:\/\/pamfmstereo.com\/?p=1255","title":{"rendered":"La Turquie menace d&rsquo;envahir Isra\u00ebl : une escalade de la rh\u00e9torique hostile"},"content":{"rendered":"\n<p>Le pr\u00e9sident turc Recep Tayyip Erdogan a menac\u00e9 d&rsquo;envahir Isra\u00ebl pour soutenir les Palestiniens, ce qui a provoqu\u00e9 une vive r\u00e9action de la part des autorit\u00e9s isra\u00e9liennes. Cette menace intervient dans un contexte de tensions croissantes entre la Turquie et Isra\u00ebl, notamment en raison de la guerre \u00e0 Gaza.<\/p>\n\n\n\n<p>Erdogan a d\u00e9clar\u00e9 que la Turquie \u00ab\u00a0devait \u00eatre tr\u00e8s forte pour que Isra\u00ebl ne puisse pas faire de choses ridicules \u00e0 la Palestine\u00a0\u00bb. Il a \u00e9galement compar\u00e9 cette \u00e9ventuelle intervention \u00e0 celles de la Turquie au Karabakh et en Libye.<\/p>\n\n\n\n<p>Les responsables isra\u00e9liens ont imm\u00e9diatement condamn\u00e9 les commentaires d&rsquo;Erdogan, les qualifiant de \u00ab\u00a0menace grave\u00a0\u00bb. Le ministre des Affaires \u00e9trang\u00e8res isra\u00e9lien, Israel Katz, a tweet\u00e9 une photo d&rsquo;Erdogan aux c\u00f4t\u00e9s de Saddam Hussein, l&rsquo;ancien dirigeant irakien, avec la l\u00e9gende : \u00ab\u00a0Erdogan suit les traces de Saddam Hussein et menace d&rsquo;attaquer Isra\u00ebl. Il devrait se souvenir de ce qui s&rsquo;est pass\u00e9 l\u00e0-bas et comment cela s&rsquo;est termin\u00e9.\u00a0\u00bb<\/p>\n\n\n\n<p>La communaut\u00e9 internationale est \u00e9galement pr\u00e9occup\u00e9e par cette escalade de la rh\u00e9torique hostile. Le secr\u00e9taire g\u00e9n\u00e9ral de l&rsquo;OTAN, Jens Stoltenberg, n&rsquo;a pas encore r\u00e9agi publiquement, mais le Premier ministre n\u00e9erlandais Geert Wilders a tweet\u00e9 que la Turquie devrait \u00eatre exclue de l&rsquo;OTAN.<\/p>\n\n\n\n<p>Cette crise diplomatique intervient dans un contexte de tensions croissantes au Moyen-Orient, notamment en raison de la guerre \u00e0 Gaza et de la mont\u00e9e en puissance du Hezbollah. La situation reste tendue et les observateurs attendent avec anxi\u00e9t\u00e9 la suite des \u00e9v\u00e9nements.<\/p>\n","protected":false},"excerpt":{"rendered":"<p>Le pr\u00e9sident turc Recep Tayyip Erdogan a menac\u00e9 d&rsquo;envahir Isra\u00ebl pour soutenir les Palestiniens, ce<\/p>\n","protected":false},"author":2,"featured_media":1256,"comment_status":"open","ping_status":"open","sticky":false,"template":"","format":"standard","meta":{"advanced_seo_description":"Cette crise diplomatique intervient dans un contexte de tensions croissantes au Moyen-Orient","jetpack_seo_html_title":"La Turquie menace d'envahir Isra\u00ebl : une escalade de la rh\u00e9torique hostile","jetpack_seo_noindex":false,"jetpack_post_was_ever_published":false,"_jetpack_newsletter_access":"","_jetpack_dont_email_post_to_subs":false,"_jetpack_newsletter_tier_id":0,"_jetpack_memberships_contains_paywalled_content":false,"_jetpack_memberships_contains_paid_content":false,"footnotes":"","jetpack_publicize_message":"","jetpack_publicize_feature_enabled":true,"jetpack_social_post_already_shared":false,"jetpack_social_options":{"image_generator_settings":{"template":"highway","enabled":false},"version":2}},"categories":[181,145,11],"tags":[1562,1575,692,1583,245,1576,1581,1580,112,1577,1563,1573,1578,1571,1574,168,191,1579,157,602,237,1582,1572],"class_list":["post-1255","post","type-post","status-publish","format-standard","has-post-thumbnail","hentry","category-international","category-nouvelles","category-politique","tag-actualite","tag-alliance","tag-conflit","tag-conflit-israelo-palestinien","tag-diplomatie","tag-erdogan","tag-escalade","tag-gaza","tag-guerre","tag-hezbollah","tag-international","tag-invasion","tag-israel","tag-menace","tag-moyen-orient","tag-news","tag-otan","tag-palestine","tag-politique","tag-relations-internationales","tag-securite","tag-tensions","tag-turquie"],"jetpack_publicize_connections":[],"jetpack_featured_media_url":"https:\/\/i0.wp.com\/pamfmstereo.com\/wp-content\/uploads\/2024\/07\/erd.jpg?fit=1536%2C853&ssl=1","jetpack-related-posts":[],"jetpack_shortlink":"https:\/\/wp.me\/pdKP5f-kf","jetpack_sharing_enabled":true,"jetpack_likes_enabled":true,"_links":{"self":[{"href":"https:\/\/pamfmstereo.com\/index.php?rest_route=\/wp\/v2\/posts\/1255","targetHints":{"allow":["GET"]}}],"collection":[{"href":"https:\/\/pamfmstereo.com\/index.php?rest_route=\/wp\/v2\/posts"}],"about":[{"href":"https:\/\/pamfmstereo.com\/index.php?rest_route=\/wp\/v2\/types\/post"}],"author":[{"embeddable":true,"href":"https:\/\/pamfmstereo.com\/index.php?rest_route=\/wp\/v2\/users\/2"}],"replies":[{"embeddable":true,"href":"https:\/\/pamfmstereo.com\/index.php?rest_route=%2Fwp%2Fv2%2Fcomments&post=1255"}],"version-history":[{"count":1,"href":"https:\/\/pamfmstereo.com\/index.php?rest_route=\/wp\/v2\/posts\/1255\/revisions"}],"predecessor-version":[{"id":1257,"href":"https:\/\/pamfmstereo.com\/index.php?rest_route=\/wp\/v2\/posts\/1255\/revisions\/1257"}],"wp:featuredmedia":[{"embeddable":true,"href":"https:\/\/pamfmstereo.com\/index.php?rest_route=\/wp\/v2\/media\/1256"}],"wp:attachment":[{"href":"https:\/\/pamfmstereo.com\/index.php?rest_route=%2Fwp%2Fv2%2Fmedia&parent=1255"}],"wp:term":[{"taxonomy":"category","embeddable":true,"href":"https:\/\/pamfmstereo.com\/index.php?rest_route=%2Fwp%2Fv2%2Fcategories&post=1255"},{"taxonomy":"post_tag","embeddable":true,"href":"https:\/\/pamfmstereo.com\/index.php?rest_route=%2Fwp%2Fv2%2Ftags&post=1255"}],"curies":[{"name":"wp","href":"https:\/\/api.w.org\/{rel}","templated":true}]}}