{"id":1111,"date":"2024-07-20T06:10:15","date_gmt":"2024-07-20T10:10:15","guid":{"rendered":"https:\/\/pamfmstereo.com\/?p=1111"},"modified":"2024-07-20T06:12:42","modified_gmt":"2024-07-20T10:12:42","slug":"tragedie-en-mer-incendie-meurtrier-sur-un-bateau-de-migrants-fait-plus-de-40-morts-en-haiti","status":"publish","type":"post","link":"https:\/\/pamfmstereo.com\/?p=1111","title":{"rendered":"Trag\u00e9die en Mer : Incendie Meurtrier sur un Bateau de Migrants Fait Plus de 40 Morts en Ha\u00efti!"},"content":{"rendered":"\n<h3 class=\"wp-block-heading\">Trag\u00e9die en Mer : Au Moins 40 Ha\u00eftiens P\u00e9rissent dans l&rsquo;Incendie d&rsquo;un Bateau<\/h3>\n\n\n\n<p>Au moins 40 Ha\u00eftiens ont perdu la vie et plusieurs autres ont \u00e9t\u00e9 bless\u00e9s apr\u00e8s l&rsquo;incendie de leur bateau, a d\u00e9clar\u00e9 l&rsquo;Organisation internationale pour les migrations (OIM). L&rsquo;incident tragique met en lumi\u00e8re les risques consid\u00e9rables auxquels sont confront\u00e9s les migrants utilisant des routes irr\u00e9guli\u00e8res.<\/p>\n\n\n\n<h4 class=\"wp-block-heading\">Une Travers\u00e9e P\u00e9rilleuse<\/h4>\n\n\n\n<p>Le bateau, transportant plus de 80 personnes, avait quitt\u00e9 Fort Saint-Michel dans le nord d&rsquo;Ha\u00efti mercredi, en direction des \u00eeles Turques-et-Ca\u00efques, un p\u00e9riple de 250 km (155 miles). L&#8217;embarcation a pris feu au large de Cap-Ha\u00eftien, selon l&rsquo;agence des Nations Unies pour les migrations. La garde c\u00f4ti\u00e8re ha\u00eftienne a r\u00e9ussi \u00e0 secourir 41 personnes. Parmi les rescap\u00e9s, onze personnes sont actuellement soign\u00e9es pour des blessures, dont des br\u00fblures.<\/p>\n\n\n\n<h4 class=\"wp-block-heading\">Une Ritualisation Fatale<\/h4>\n\n\n\n<p>Jean-Henry Petit, chef du bureau de protection civile dans le nord d&rsquo;Ha\u00efti, a expliqu\u00e9 au journal Miami Herald que l&rsquo;incendie a \u00e9t\u00e9 provoqu\u00e9 par l&rsquo;utilisation d&rsquo;allumettes pour allumer des bougies lors d&rsquo;un rituel visant \u00e0 assurer une travers\u00e9e en s\u00e9curit\u00e9. Malheureusement, des f\u00fbts remplis d&rsquo;essence ont pris feu et ont explos\u00e9.<\/p>\n\n\n\n<p>\u00ab\u00a0Cet \u00e9v\u00e9nement d\u00e9vastateur souligne les risques auxquels sont expos\u00e9s les enfants, les femmes et les hommes migrant par des routes irr\u00e9guli\u00e8res, d\u00e9montrant la n\u00e9cessit\u00e9 cruciale de voies s\u00fbres et l\u00e9gales pour la migration,\u00a0\u00bb a d\u00e9clar\u00e9 Gr\u00e9goire Goodstein, chef de l&rsquo;OIM dans le pays.<\/p>\n\n\n\n<h4 class=\"wp-block-heading\">Une Situation Socio-\u00e9conomique D\u00e9sesp\u00e9r\u00e9e<\/h4>\n\n\n\n<p>Depuis des ann\u00e9es, Ha\u00efti est secou\u00e9e par des violences avec des gangs arm\u00e9s se disputant le contr\u00f4le des territoires. En f\u00e9vrier, des gangs ont lanc\u00e9 des attaques coordonn\u00e9es dans la capitale, Port-au-Prince, prenant le contr\u00f4le de commissariats de police et de routes cl\u00e9s, tirant sur l&rsquo;a\u00e9roport principal et for\u00e7ant des dizaines de milliers de personnes \u00e0 fuir.<\/p>\n\n\n\n<p>Plus de 570 000 Ha\u00eftiens ont \u00e9t\u00e9 d\u00e9plac\u00e9s \u00e0 l&rsquo;int\u00e9rieur du pays en raison de la violence, selon l&rsquo;ONU. \u00ab\u00a0La situation socio-\u00e9conomique d&rsquo;Ha\u00efti est en agonie. La violence extr\u00eame de ces derniers mois n&rsquo;a fait que pousser davantage les Ha\u00eftiens \u00e0 prendre des mesures d\u00e9sesp\u00e9r\u00e9es,\u00a0\u00bb a ajout\u00e9 Goodstein.<\/p>\n\n\n\n<h4 class=\"wp-block-heading\">Intervention Internationale<\/h4>\n\n\n\n<p>Plusieurs centaines de policiers kenyans sont arriv\u00e9s en Ha\u00efti dans le cadre d&rsquo;une mission mandat\u00e9e par l&rsquo;ONU pour aider la police ha\u00eftienne \u00e0 lutter contre les gangs. Cette aide internationale est vitale pour tenter de r\u00e9tablir l&rsquo;ordre dans le pays.<\/p>\n\n\n\n<h4 class=\"wp-block-heading\">Des Retours Forc\u00e9s en Hausse<\/h4>\n\n\n\n<p>L&rsquo;OIM a indiqu\u00e9 que plus de 86 000 migrants et r\u00e9fugi\u00e9s ont \u00e9t\u00e9 renvoy\u00e9s de force en Ha\u00efti par les pays voisins cette ann\u00e9e. Rien qu&rsquo;en mars, malgr\u00e9 une mont\u00e9e de la violence et la fermeture des a\u00e9roports dans tout le pays, les retours forc\u00e9s ont augment\u00e9 de 46 %, atteignant 13 000 personnes.<\/p>\n\n\n\n<p>Depuis le 29 f\u00e9vrier, la garde c\u00f4ti\u00e8re dans le nord a observ\u00e9 une augmentation des tentatives et des d\u00e9parts en bateau. Les gardes-c\u00f4tes de la r\u00e9gion, y compris ceux des \u00c9tats-Unis, des Bahamas, des \u00eeles Turques-et-Ca\u00efques et de la Jama\u00efque, ont \u00e9galement signal\u00e9 un nombre croissant de bateaux en provenance d&rsquo;Ha\u00efti intercept\u00e9s en mer.<\/p>\n","protected":false},"excerpt":{"rendered":"<p>Plus de 570 000 Ha\u00eftiens ont \u00e9t\u00e9 d\u00e9plac\u00e9s \u00e0 l&rsquo;int\u00e9rieur du pays en raison de la violence, selon l&rsquo;ONU.<\/p>\n","protected":false},"author":2,"featured_media":1112,"comment_status":"open","ping_status":"open","sticky":false,"template":"","format":"standard","meta":{"advanced_seo_description":"Le bateau, transportant plus de 80 personnes, avait quitt\u00e9 Fort Saint-Michel dans le nord d'Ha\u00efti mercredi, en direction des \u00eeles Turques-et-Ca\u00efques","jetpack_seo_html_title":"Trag\u00e9die en Mer : Incendie Meurtrier sur un Bateau de Migrants Fait Plus de 40 Morts en Ha\u00efti!","jetpack_seo_noindex":false,"jetpack_post_was_ever_published":false,"_jetpack_newsletter_access":"","_jetpack_dont_email_post_to_subs":false,"_jetpack_newsletter_tier_id":0,"_jetpack_memberships_contains_paywalled_content":false,"_jetpack_memberships_contains_paid_content":false,"footnotes":"","jetpack_publicize_message":"","jetpack_publicize_feature_enabled":true,"jetpack_social_post_already_shared":false,"jetpack_social_options":{"image_generator_settings":{"template":"highway","enabled":false},"version":2}},"categories":[59,127,244,145,11],"tags":[1263,1266,1268,1258,1260,530,1261,747,1257,1259,1273,1264,538,1262,1267,738,490,1269,1270,1265],"class_list":["post-1111","post","type-post","status-publish","format-standard","has-post-thumbnail","hentry","category-divers","category-insecurite","category-national","category-nouvelles","category-politique","tag-campagnedesensibilisation","tag-etatdurgence","tag-fakenews","tag-forceskenyanes","tag-garryconnille","tag-haiti-5","tag-journalismeresponsable","tag-justiceenhaiti","tag-luttecontrelesgangs","tag-missioninternationale","tag-operationsmilitaires","tag-operationstabilisation","tag-pnh-2","tag-retablissementdelordre","tag-securitecitoyenne","tag-securitenationale","tag-securitepublique","tag-stabiliteenhaiti","tag-supportpresidentiel","tag-zonesrouges"],"jetpack_publicize_connections":[],"jetpack_featured_media_url":"https:\/\/i0.wp.com\/pamfmstereo.com\/wp-content\/uploads\/2024\/07\/bateau.jpg?fit=800%2C600&ssl=1","jetpack-related-posts":[],"jetpack_shortlink":"https:\/\/wp.me\/pdKP5f-hV","jetpack_sharing_enabled":true,"jetpack_likes_enabled":true,"_links":{"self":[{"href":"https:\/\/pamfmstereo.com\/index.php?rest_route=\/wp\/v2\/posts\/1111","targetHints":{"allow":["GET"]}}],"collection":[{"href":"https:\/\/pamfmstereo.com\/index.php?rest_route=\/wp\/v2\/posts"}],"about":[{"href":"https:\/\/pamfmstereo.com\/index.php?rest_route=\/wp\/v2\/types\/post"}],"author":[{"embeddable":true,"href":"https:\/\/pamfmstereo.com\/index.php?rest_route=\/wp\/v2\/users\/2"}],"replies":[{"embeddable":true,"href":"https:\/\/pamfmstereo.com\/index.php?rest_route=%2Fwp%2Fv2%2Fcomments&post=1111"}],"version-history":[{"count":1,"href":"https:\/\/pamfmstereo.com\/index.php?rest_route=\/wp\/v2\/posts\/1111\/revisions"}],"predecessor-version":[{"id":1114,"href":"https:\/\/pamfmstereo.com\/index.php?rest_route=\/wp\/v2\/posts\/1111\/revisions\/1114"}],"wp:featuredmedia":[{"embeddable":true,"href":"https:\/\/pamfmstereo.com\/index.php?rest_route=\/wp\/v2\/media\/1112"}],"wp:attachment":[{"href":"https:\/\/pamfmstereo.com\/index.php?rest_route=%2Fwp%2Fv2%2Fmedia&parent=1111"}],"wp:term":[{"taxonomy":"category","embeddable":true,"href":"https:\/\/pamfmstereo.com\/index.php?rest_route=%2Fwp%2Fv2%2Fcategories&post=1111"},{"taxonomy":"post_tag","embeddable":true,"href":"https:\/\/pamfmstereo.com\/index.php?rest_route=%2Fwp%2Fv2%2Ftags&post=1111"}],"curies":[{"name":"wp","href":"https:\/\/api.w.org\/{rel}","templated":true}]}}